{"id":35327,"date":"2021-12-31T11:14:46","date_gmt":"2021-12-31T17:14:46","guid":{"rendered":"https:\/\/nvnoticias.mx\/?p=35327"},"modified":"2021-12-31T11:52:26","modified_gmt":"2021-12-31T17:52:26","slug":"rinde-protesta-juan-manuel-unanue-como-alcalde-de-boca-del-rio","status":"publish","type":"post","link":"https:\/\/nvnoticias.mx\/index.php\/2021\/12\/31\/rinde-protesta-juan-manuel-unanue-como-alcalde-de-boca-del-rio\/","title":{"rendered":"Rinde protesta Juan Manuel Unanue como alcalde de Boca del R\u00edo"},"content":{"rendered":"\n<p><strong>Jes\u00fas Utrilla&nbsp;| NV Noticias<\/strong>&nbsp;<\/p>\n\n\n\n<p>Veracruz. \u2013 Rindi\u00f3 protesta Juan Manuel Unanue Abascal, como presidente municipal de Boca Del R\u00edo.&nbsp;<\/p>\n\n\n\n<p>&nbsp;Destac\u00f3 que la historia reciente del municipio est\u00e1 marcada por el crecimiento parejo de su infraestructura urbana y de la mejor calidad de vida para sus habitantes.&nbsp;<\/p>\n\n\n\n<blockquote class=\"wp-block-quote is-layout-flow wp-block-quote-is-layout-flow\"><p>&nbsp;&#8220;Hoy iniciamos juntos una nueva etapa de desarrollo para nuestra ciudad, pero sobre todo comenzamos una nueva historia de crecimiento parejo&#8221;.&nbsp;<\/p><\/blockquote>\n\n\n\n<p>&nbsp;Se comprometi\u00f3 a que Boca del R\u00edo sea la mejor ciudad de Veracruz por ello tendr\u00e1 un gobierno cercano, que sepa escuchar, que sea sensible a las necesidades de las personas y que act\u00fae oportunamente para resolver los problemas de la ciudad.&nbsp;<\/p>\n\n\n\n<blockquote class=\"wp-block-quote is-layout-flow wp-block-quote-is-layout-flow\"><p>&nbsp;&#8220;Sin duda esto se debe, en gran medida, a que los gobiernos municipales emanados del Partido Acci\u00f3n Nacional han trabajado con planeaci\u00f3n, visi\u00f3n, orden y eficiencia, pero sobre todo con vocaci\u00f3n de servicio&#8221;, manifest\u00f3.&nbsp;<\/p><\/blockquote>\n\n\n\n<p>&nbsp;Afirm\u00f3 que ser\u00e1 un gobierno de puertas abiertas, con un alcalde que visite a los ciudadanos en sus colonias.&nbsp;<\/p>\n","protected":false},"excerpt":{"rendered":"<p>Jes\u00fas Utrilla&nbsp;| NV Noticias&nbsp; Veracruz. \u2013 Rindi\u00f3 protesta Juan Manuel Unanue Abascal, como presidente municipal de Boca Del R\u00edo.&nbsp; &nbsp;Destac\u00f3 que la historia reciente del municipio est\u00e1 marcada por el crecimiento parejo de su infraestructura urbana y de la mejor calidad de vida para sus habitantes.&nbsp; &nbsp;&#8220;Hoy iniciamos juntos una nueva etapa de desarrollo para [&hellip;]<\/p>\n","protected":false},"author":6,"featured_media":35339,"comment_status":"open","ping_status":"open","sticky":false,"template":"","format":"standard","meta":{"_monsterinsights_skip_tracking":false,"_monsterinsights_sitenote_active":false,"_monsterinsights_sitenote_note":"","_monsterinsights_sitenote_category":0,"footnotes":""},"categories":[154],"tags":[423,1420],"class_list":["post-35327","post","type-post","status-publish","format-standard","has-post-thumbnail","hentry","category-veracruz","tag-boca-del-rio","tag-juan-manuel-unanue","wp-image-borders"],"amp_enabled":true,"_links":{"self":[{"href":"https:\/\/nvnoticias.mx\/index.php\/wp-json\/wp\/v2\/posts\/35327","targetHints":{"allow":["GET"]}}],"collection":[{"href":"https:\/\/nvnoticias.mx\/index.php\/wp-json\/wp\/v2\/posts"}],"about":[{"href":"https:\/\/nvnoticias.mx\/index.php\/wp-json\/wp\/v2\/types\/post"}],"author":[{"embeddable":true,"href":"https:\/\/nvnoticias.mx\/index.php\/wp-json\/wp\/v2\/users\/6"}],"replies":[{"embeddable":true,"href":"https:\/\/nvnoticias.mx\/index.php\/wp-json\/wp\/v2\/comments?post=35327"}],"version-history":[{"count":2,"href":"https:\/\/nvnoticias.mx\/index.php\/wp-json\/wp\/v2\/posts\/35327\/revisions"}],"predecessor-version":[{"id":35340,"href":"https:\/\/nvnoticias.mx\/index.php\/wp-json\/wp\/v2\/posts\/35327\/revisions\/35340"}],"wp:featuredmedia":[{"embeddable":true,"href":"https:\/\/nvnoticias.mx\/index.php\/wp-json\/wp\/v2\/media\/35339"}],"wp:attachment":[{"href":"https:\/\/nvnoticias.mx\/index.php\/wp-json\/wp\/v2\/media?parent=35327"}],"wp:term":[{"taxonomy":"category","embeddable":true,"href":"https:\/\/nvnoticias.mx\/index.php\/wp-json\/wp\/v2\/categories?post=35327"},{"taxonomy":"post_tag","embeddable":true,"href":"https:\/\/nvnoticias.mx\/index.php\/wp-json\/wp\/v2\/tags?post=35327"}],"curies":[{"name":"wp","href":"https:\/\/api.w.org\/{rel}","templated":true}]}}