{"id":35319,"date":"2021-12-31T11:01:20","date_gmt":"2021-12-31T17:01:20","guid":{"rendered":"https:\/\/nvnoticias.mx\/?p=35319"},"modified":"2021-12-31T11:01:20","modified_gmt":"2021-12-31T17:01:20","slug":"defensa-de-secretario-tecnico-senado-denuncio-irregularidades-en-el-proceso","status":"publish","type":"post","link":"https:\/\/nvnoticias.mx\/index.php\/2021\/12\/31\/defensa-de-secretario-tecnico-senado-denuncio-irregularidades-en-el-proceso\/","title":{"rendered":"Defensa de secretario t\u00e9cnico del Senado denunci\u00f3 irregularidades en el proceso"},"content":{"rendered":"\n<p><strong>Sam Ojeda | NV Noticias<\/strong>&nbsp;<\/p>\n\n\n\n<p>Xalapa. &#8211; El equipo de defensa del secretario t\u00e9cnico de la Junta de Coordinaci\u00f3n&nbsp;Pol\u00edtica&nbsp;del Senado, Jos\u00e9 Manuel \u201cN\u201d, acudi\u00f3 ante la&nbsp;Comisi\u00f3n especial para investigar probables abusos de autoridad y violaciones al Estado de Derecho en Veracruz para denunciar la violaci\u00f3n al debido proceso e inconsistencias en el caso que se le sigue por el delito de homicidio.&nbsp;&nbsp;<\/p>\n\n\n\n<p>En una reuni\u00f3n virtual se\u00f1alaron inconsistencias de la&nbsp;Fiscal\u00eda General&nbsp;de Veracruz (FGE) durante la audiencia de vinculaci\u00f3n a proceso por el presunto asesinato del candidato de Movimiento Ciudadano a la alcald\u00eda de Cazones de Herrera, Remigio Tovar&nbsp;Tovar.&nbsp;<\/p>\n\n\n\n<blockquote class=\"wp-block-quote is-layout-flow wp-block-quote-is-layout-flow\"><p>\u201cLa Comisi\u00f3n escuch\u00f3 con detenimiento las inconsistencias del caso presentado por la Fiscal\u00eda, las anomal\u00edas procesales del juez del caso, y las violaciones sistem\u00e1ticas al debido proceso\u201d, se\u00f1alaron en un comunicado.\u00a0<\/p><\/blockquote>\n\n\n\n<p>Informaron sobre el proceder de dichas autoridades, que consideran no fue apegado a la legalidad y violentando el Estado de Derecho, raz\u00f3n por la cual recurrir\u00e1n, en solicitud de justicia, ante el Poder Judicial de la Federaci\u00f3n.&nbsp;&nbsp;<\/p>\n\n\n\n<blockquote class=\"wp-block-quote is-layout-flow wp-block-quote-is-layout-flow\"><p>\u201cAnte diversos se\u00f1alamientos, expuestos a integrantes de la Comisi\u00f3n, se acord\u00f3 instalar una mesa de trabajo, p\u00fablica y permanente, en donde se recojan inconformidades y denuncias ciudadanas sobre, violaciones a derechos humanos y la aplicaci\u00f3n del Estado de Derecho en esa entidad federativa\u201d.\u00a0<\/p><\/blockquote>\n\n\n\n<p>Se acord\u00f3 celebrar el 4 de enero, a las 13:00 horas, la pr\u00f3xima sesi\u00f3n de la Comisi\u00f3n Especial, en las instalaciones del Senado de la Rep\u00fablica.&nbsp;<\/p>\n","protected":false},"excerpt":{"rendered":"<p>Sam Ojeda | NV Noticias&nbsp; Xalapa. &#8211; El equipo de defensa del secretario t\u00e9cnico de la Junta de Coordinaci\u00f3n&nbsp;Pol\u00edtica&nbsp;del Senado, Jos\u00e9 Manuel \u201cN\u201d, acudi\u00f3 ante la&nbsp;Comisi\u00f3n especial para investigar probables abusos de autoridad y violaciones al Estado de Derecho en Veracruz para denunciar la violaci\u00f3n al debido proceso e inconsistencias en el caso que se [&hellip;]<\/p>\n","protected":false},"author":6,"featured_media":35321,"comment_status":"open","ping_status":"open","sticky":false,"template":"","format":"standard","meta":{"_monsterinsights_skip_tracking":false,"_monsterinsights_sitenote_active":false,"_monsterinsights_sitenote_note":"","_monsterinsights_sitenote_category":0,"footnotes":""},"categories":[156],"tags":[162,8305,369],"class_list":["post-35319","post","type-post","status-publish","format-standard","has-post-thumbnail","hentry","category-estado","tag-portada","tag-secretario-tecnico","tag-senado","wp-image-borders"],"amp_enabled":true,"_links":{"self":[{"href":"https:\/\/nvnoticias.mx\/index.php\/wp-json\/wp\/v2\/posts\/35319","targetHints":{"allow":["GET"]}}],"collection":[{"href":"https:\/\/nvnoticias.mx\/index.php\/wp-json\/wp\/v2\/posts"}],"about":[{"href":"https:\/\/nvnoticias.mx\/index.php\/wp-json\/wp\/v2\/types\/post"}],"author":[{"embeddable":true,"href":"https:\/\/nvnoticias.mx\/index.php\/wp-json\/wp\/v2\/users\/6"}],"replies":[{"embeddable":true,"href":"https:\/\/nvnoticias.mx\/index.php\/wp-json\/wp\/v2\/comments?post=35319"}],"version-history":[{"count":1,"href":"https:\/\/nvnoticias.mx\/index.php\/wp-json\/wp\/v2\/posts\/35319\/revisions"}],"predecessor-version":[{"id":35320,"href":"https:\/\/nvnoticias.mx\/index.php\/wp-json\/wp\/v2\/posts\/35319\/revisions\/35320"}],"wp:featuredmedia":[{"embeddable":true,"href":"https:\/\/nvnoticias.mx\/index.php\/wp-json\/wp\/v2\/media\/35321"}],"wp:attachment":[{"href":"https:\/\/nvnoticias.mx\/index.php\/wp-json\/wp\/v2\/media?parent=35319"}],"wp:term":[{"taxonomy":"category","embeddable":true,"href":"https:\/\/nvnoticias.mx\/index.php\/wp-json\/wp\/v2\/categories?post=35319"},{"taxonomy":"post_tag","embeddable":true,"href":"https:\/\/nvnoticias.mx\/index.php\/wp-json\/wp\/v2\/tags?post=35319"}],"curies":[{"name":"wp","href":"https:\/\/api.w.org\/{rel}","templated":true}]}}