{"id":3531,"date":"2021-02-05T07:43:53","date_gmt":"2021-02-05T13:43:53","guid":{"rendered":"https:\/\/nvnoticias.mx\/?p=3531"},"modified":"2021-02-05T07:43:54","modified_gmt":"2021-02-05T13:43:54","slug":"el-pragmatismo-del-pan","status":"publish","type":"post","link":"https:\/\/nvnoticias.mx\/index.php\/2021\/02\/05\/el-pragmatismo-del-pan\/","title":{"rendered":"El pragmatismo del PAN"},"content":{"rendered":"\n<p>De cara a las pr\u00f3ximas elecciones del 6 de junio, el Partido Acci\u00f3n Nacional, a trav\u00e9s de su comisi\u00f3n permanente, design\u00f3 a quienes van a ser sus posibles candidatos a diputados federales en los distritos de Veracruz.<\/p>\n\n\n\n<p>El listado qued\u00f3 conformado de manera preliminar, todav\u00eda no oficial, de esta manera:<\/p>\n\n\n\n<p>Por el principio de mayor\u00eda relativa, Benilde G\u00f3mez Hern\u00e1ndez, por el distrito 1 de P\u00e1nuco; Erick Abraham Sosa Mar, distrito 2 de Tantoyuca; Mar\u00eda Teresa Osorio Nieto, por el 3 de Tuxpan; Francisco Guti\u00e9rrez de Velasco, por el 4 de Veracruz; Adriana Soto Mojarraz, por el 7 de Mart\u00ednez de la Torre; Mar\u00eda Josefina Gamboa, por el 12 de Veracruz; Santiago Gregorio Morales, por el 13 de Huatusco y Claudia Qui\u00f1ones Garrido por el distrito 17 de Cosamaloapan.<\/p>\n\n\n\n<p>Como podemos observar entre los ya casi seguros candidatos destacan personajes que ya han participado en varios procesos electorales anteriores, incluso han desempe\u00f1ado cargos p\u00fablicos, como son los casos de Maryjose Gamboa Torales, quien fue directora del Instituto Municipal de la Mujer en Boca del R\u00edo y diputada local dos veces, as\u00ed como tambi\u00e9n es el caso de Paco Guti\u00e9rrez de Velasco, quien fue presidente municipal de Boca del R\u00edo y diputado federal.<\/p>\n\n\n\n<p>Estos nombramientos dejaron un cierto resabio en varios de los aspirantes a estos puestos de elecci\u00f3n popular provenientes ellos de la sociedad civil organizada, que fue la que incentiv\u00f3, en conjunto con el PRI, PRD y el propio PAN, la alianza S\u00ed por M\u00e9xico, que ten\u00eda o tiene la intenci\u00f3n de promover candidatos ciudadanos para esta coalici\u00f3n.<\/p>\n\n\n\n<p>Se hicieron notar expresiones de cierta frustraci\u00f3n, decepci\u00f3n y molestia porque no fueron tomados en cuenta estos cuadros ciudadanos, que no nos cabe la menor duda hubieran refrescado la cara de la pol\u00edtica en el estado y en el pa\u00eds. Sin embargo, en mi opini\u00f3n, el PAN en este caso est\u00e1 optando por la praxis, es decir, est\u00e1n seleccionando a los candidatos que potencialmente les pueden asegurar el triunfo en cada uno de los distritos, sean los federales como tambi\u00e9n en los locales y en las presidencias municipales.<\/p>\n\n\n\n<p>No quieren experimentar y prefieren ir con el trabajo que varios de ellos ya han venido haciendo en sus distritos o con el capital pol\u00edtico con el que ya cuentan. Pragm\u00e1ticamente es entendible.<\/p>\n\n\n\n<p>En este contexto, el posicionamiento de Manuel Lia\u00f1o Carrera, quien fue aspirante a la candidatura por el distrito 4 de Veracruz, me pareci\u00f3 muy sensato, equilibrado y deja mucho a la reflexi\u00f3n:<\/p>\n\n\n\n<p>&#8220;Despu\u00e9s de haber participado en este breve proceso de selecci\u00f3n de candidato a Diputado Federal, les comparto las siguientes reflexiones:<\/p>\n\n\n\n<p>Primero, agradecer todas las muestras de apoyo por parte de mi familia, amigos y personas en general. Mucho los valoro y me comprometen&#8230;.<\/p>\n\n\n\n<p>Segundo, aunque reconozco que para partidos pol\u00edticos como el PAN, que son electoralmente competitivos y tienen una amplia base de miembros activos, no es f\u00e1cil abrirse a la sociedad civil, la realidad es que tampoco tienen el inter\u00e9s real de hacerlo. Mis comentarios personales me los reservo para no beneficiar con mi cr\u00edtica a Morena. Los har\u00e9 directamente a quien corresponda. Intento no perder el faro, y para mi al final del d\u00eda, con un buen, mejor o peor candidato, el mal menor (bien posible) para la elecci\u00f3n de junio es quitarle el control del congreso a Morena&#8230;<\/p>\n\n\n\n<p>Finalmente, lo f\u00e1cil ser\u00eda solo criticar al gobierno, pol\u00edticos y partidos. Pero siendo autocritico (y yo por delante), creo que nos falta mucho y mejor trabajo como ciudadanos y sociedad civil para que el gobierno, los pol\u00edticos y los partidos nos tomen realmente en serio. Mientras sigamos critic\u00e1ndonos y metiendo el pie por pensar diferente, mientras nos quedemos en mensajes de WhatsApp y reenviando memes, si seguimos pensando que con caf\u00e9s, comidas o cenas ser\u00e1 suficiente, si no domamos los afanes protagonistas, si solo me importa mi causa y no la de los dem\u00e1s, si seguimos pidiendo generosidad, pero no estamos dispuestos a serlo con otros, sino entendemos el concepto de unidad, entre otras \u00e1reas de oportunidad, dif\u00edcilmente obtendremos mejores resultados. El gobierno, los pol\u00edticos y los partidos no vienen de marte, al final son reflejo de la sociedad.<\/p>\n\n\n\n<p>Por \u00faltimo, para los que amablemente me han compartido palabras de \u00e1nimo y solidaridad, las agradezco y valoro.<\/p>\n\n\n\n<p>Ciertamente en esta ocasi\u00f3n no obtuve el objetivo que buscaba, pero hay que darle su justa dimensi\u00f3n: solo soy uno m\u00e1s en este reto ciudadano y sigue habiendo muchos medios, espacios y desaf\u00edos c\u00edvicos. Como dec\u00eda el Maqu\u00edo \u201c<em>solo est\u00e1 derrotado quien deja de luchar\u201d<\/em> y no son tiempos para dejar de luchar ni para el des\u00e1nimo. Saludos a todos y redoblemos esfuerzos.&#8221; (Manuel Lia\u00f1o Carrera)<\/p>\n\n\n\n<p>Mis respetos Manolo, \u00a1Gran reflexi\u00f3n nos dejas sobre la mesa!<\/p>\n\n\n\n<p class=\"has-text-align-right\"><strong>Jorge Luis Malpica Ortiz<\/strong><\/p>\n","protected":false},"excerpt":{"rendered":"<p>De cara a las pr\u00f3ximas elecciones del 6 de junio, el Partido Acci\u00f3n Nacional, a trav\u00e9s de su comisi\u00f3n permanente, design\u00f3 a quienes van a ser sus posibles candidatos a diputados federales en los distritos de Veracruz. El listado qued\u00f3 conformado de manera preliminar, todav\u00eda no oficial, de esta manera: Por el principio de mayor\u00eda [&hellip;]<\/p>\n","protected":false},"author":27,"featured_media":3532,"comment_status":"open","ping_status":"open","sticky":false,"template":"","format":"standard","meta":{"_monsterinsights_skip_tracking":false,"_monsterinsights_sitenote_active":false,"_monsterinsights_sitenote_note":"","_monsterinsights_sitenote_category":0,"footnotes":""},"categories":[243],"tags":[363],"class_list":["post-3531","post","type-post","status-publish","format-standard","has-post-thumbnail","hentry","category-purgatorio","tag-jorge-luis-malpica-ortiz","wp-image-borders"],"amp_enabled":true,"_links":{"self":[{"href":"https:\/\/nvnoticias.mx\/index.php\/wp-json\/wp\/v2\/posts\/3531","targetHints":{"allow":["GET"]}}],"collection":[{"href":"https:\/\/nvnoticias.mx\/index.php\/wp-json\/wp\/v2\/posts"}],"about":[{"href":"https:\/\/nvnoticias.mx\/index.php\/wp-json\/wp\/v2\/types\/post"}],"author":[{"embeddable":true,"href":"https:\/\/nvnoticias.mx\/index.php\/wp-json\/wp\/v2\/users\/27"}],"replies":[{"embeddable":true,"href":"https:\/\/nvnoticias.mx\/index.php\/wp-json\/wp\/v2\/comments?post=3531"}],"version-history":[{"count":1,"href":"https:\/\/nvnoticias.mx\/index.php\/wp-json\/wp\/v2\/posts\/3531\/revisions"}],"predecessor-version":[{"id":3533,"href":"https:\/\/nvnoticias.mx\/index.php\/wp-json\/wp\/v2\/posts\/3531\/revisions\/3533"}],"wp:featuredmedia":[{"embeddable":true,"href":"https:\/\/nvnoticias.mx\/index.php\/wp-json\/wp\/v2\/media\/3532"}],"wp:attachment":[{"href":"https:\/\/nvnoticias.mx\/index.php\/wp-json\/wp\/v2\/media?parent=3531"}],"wp:term":[{"taxonomy":"category","embeddable":true,"href":"https:\/\/nvnoticias.mx\/index.php\/wp-json\/wp\/v2\/categories?post=3531"},{"taxonomy":"post_tag","embeddable":true,"href":"https:\/\/nvnoticias.mx\/index.php\/wp-json\/wp\/v2\/tags?post=3531"}],"curies":[{"name":"wp","href":"https:\/\/api.w.org\/{rel}","templated":true}]}}