{"id":35233,"date":"2021-12-30T11:43:46","date_gmt":"2021-12-30T17:43:46","guid":{"rendered":"https:\/\/nvnoticias.mx\/?p=35233"},"modified":"2021-12-30T11:44:15","modified_gmt":"2021-12-30T17:44:15","slug":"dice-gobernador-que-se-llevara-bien-con-alcaldesa-patricia-lobeira","status":"publish","type":"post","link":"https:\/\/nvnoticias.mx\/index.php\/2021\/12\/30\/dice-gobernador-que-se-llevara-bien-con-alcaldesa-patricia-lobeira\/","title":{"rendered":"Dice Gobernador que &#8220;se llevar\u00e1 bien&#8221; con alcaldesa electa Patricia Lobeira"},"content":{"rendered":"\n<p><strong>Sam Ojeda | NV Noticias<\/strong><\/p>\n\n\n\n<p>Xalapa.- El gobernador Cuitl\u00e1huac Garc\u00eda Jim\u00e9nez dijo que se \u201cllevar\u00e1 bien\u201d con la alcaldesa electa del puerto de Veracruz, Patricia Lobeira y que tal como ocurri\u00f3 \u201ccon su cu\u00f1ado\u201d en referencia al actual alcalde Fernando Yunes M\u00e1rquez, buscar\u00e1 coordinarse con la autoridad en el puerto para detonar la econom\u00eda local, especialmente en turismo.<\/p>\n\n\n\n<blockquote class=\"wp-block-quote is-layout-flow wp-block-quote-is-layout-flow\"><p>\u201cQuien sea la autoridad municipal en el puerto de Veracruz vamos a llevarnos bien, vamos a coordinarnos porque nos interesa impulsar varios eventos en la zona conurbada a fin de revitalizar la actividad tur\u00edstica en esa regi\u00f3n y tendremos que estar comunicados y coordin\u00e1ndonos con los alcaldes\u201d.<\/p><\/blockquote>\n\n\n\n<p>Indic\u00f3 que habr\u00e1 de trabajar de manera conjunta con los 212 alcaldes de la entidad a partir del 1 de enero de 2022, entre los que se incluye a la panista.<\/p>\n\n\n\n<blockquote class=\"wp-block-quote is-layout-flow wp-block-quote-is-layout-flow\"><p>\u201cEs de nuestro inter\u00e9s volver a impulsar de manera conjunta y coordinada a fin de reactivar la econom\u00eda local, no habr\u00e1 ning\u00fan problema, como no lo hubo con su cu\u00f1ado\u201d, asegur\u00f3.<\/p><\/blockquote>\n\n\n\n<p>Sobre las ceremonias para la toma de protesta de los nuevos alcaldes, Garc\u00eda Jim\u00e9nez dijo que se deben llevar a cago todas ya sea de manera presencial o virtual, seg\u00fan lo determine el Cabildo. Lo anterior en relaci\u00f3n a que el alcalde Zacualpan anunci\u00f3 que no tendr\u00eda ceremonia presencial porque dio positivo a covid-19.<\/p>\n\n\n\n<blockquote class=\"wp-block-quote is-layout-flow wp-block-quote-is-layout-flow\"><p>\u201cTodas las tomas de posesi\u00f3n deben llevarse a cabo por ley, hay formas de hacerlo por cuesti\u00f3n de covid, es de manera presencial o como alternativas el Cabildo puede determinarlo\u201d.<\/p><\/blockquote>\n","protected":false},"excerpt":{"rendered":"<p>Sam Ojeda | NV Noticias Xalapa.- El gobernador Cuitl\u00e1huac Garc\u00eda Jim\u00e9nez dijo que se \u201cllevar\u00e1 bien\u201d con la alcaldesa electa del puerto de Veracruz, Patricia Lobeira y que tal como ocurri\u00f3 \u201ccon su cu\u00f1ado\u201d en referencia al actual alcalde Fernando Yunes M\u00e1rquez, buscar\u00e1 coordinarse con la autoridad en el puerto para detonar la econom\u00eda local, [&hellip;]<\/p>\n","protected":false},"author":6,"featured_media":31871,"comment_status":"open","ping_status":"open","sticky":false,"template":"","format":"standard","meta":{"_monsterinsights_skip_tracking":false,"_monsterinsights_sitenote_active":false,"_monsterinsights_sitenote_note":"","_monsterinsights_sitenote_category":0,"footnotes":""},"categories":[156],"tags":[965,3867,162],"class_list":["post-35233","post","type-post","status-publish","format-standard","has-post-thumbnail","hentry","category-estado","tag-cuitlahuac-garcia-jimenez","tag-patricia-lobeira","tag-portada","wp-image-borders"],"amp_enabled":true,"_links":{"self":[{"href":"https:\/\/nvnoticias.mx\/index.php\/wp-json\/wp\/v2\/posts\/35233","targetHints":{"allow":["GET"]}}],"collection":[{"href":"https:\/\/nvnoticias.mx\/index.php\/wp-json\/wp\/v2\/posts"}],"about":[{"href":"https:\/\/nvnoticias.mx\/index.php\/wp-json\/wp\/v2\/types\/post"}],"author":[{"embeddable":true,"href":"https:\/\/nvnoticias.mx\/index.php\/wp-json\/wp\/v2\/users\/6"}],"replies":[{"embeddable":true,"href":"https:\/\/nvnoticias.mx\/index.php\/wp-json\/wp\/v2\/comments?post=35233"}],"version-history":[{"count":2,"href":"https:\/\/nvnoticias.mx\/index.php\/wp-json\/wp\/v2\/posts\/35233\/revisions"}],"predecessor-version":[{"id":35235,"href":"https:\/\/nvnoticias.mx\/index.php\/wp-json\/wp\/v2\/posts\/35233\/revisions\/35235"}],"wp:featuredmedia":[{"embeddable":true,"href":"https:\/\/nvnoticias.mx\/index.php\/wp-json\/wp\/v2\/media\/31871"}],"wp:attachment":[{"href":"https:\/\/nvnoticias.mx\/index.php\/wp-json\/wp\/v2\/media?parent=35233"}],"wp:term":[{"taxonomy":"category","embeddable":true,"href":"https:\/\/nvnoticias.mx\/index.php\/wp-json\/wp\/v2\/categories?post=35233"},{"taxonomy":"post_tag","embeddable":true,"href":"https:\/\/nvnoticias.mx\/index.php\/wp-json\/wp\/v2\/tags?post=35233"}],"curies":[{"name":"wp","href":"https:\/\/api.w.org\/{rel}","templated":true}]}}