{"id":35153,"date":"2021-12-30T07:27:19","date_gmt":"2021-12-30T13:27:19","guid":{"rendered":"https:\/\/nvnoticias.mx\/?p=35153"},"modified":"2021-12-30T09:22:39","modified_gmt":"2021-12-30T15:22:39","slug":"confirman-triunfo-de-paty-lobeira","status":"publish","type":"post","link":"https:\/\/nvnoticias.mx\/index.php\/2021\/12\/30\/confirman-triunfo-de-paty-lobeira\/","title":{"rendered":"\u00a1Vayamos juntos a construir un mejor Veracruz!: Patricia Lobeira"},"content":{"rendered":"\n<p>Luego de que la Sala Superior del Tribunal Electoral Federal confirm\u00f3 que gan\u00f3 limpiamente la elecci\u00f3n del pasado 6 de junio, la Alcaldesa electa del Municipio de Veracruz, Patricia Lobeira Rodr\u00edguez, agradeci\u00f3 a los veracruzanos por su confianza y les pide ir juntos en la construcci\u00f3n de un mejor Veracruz.<\/p>\n\n\n\n<p>Manifest\u00f3 que sabe cu\u00e1les son los anhelos y esperanzas de los veracruzanos y a ello dedicar\u00e1 su tiempo y su vida para llevarlos a la realidad. \u201cLes pido que sigamos unidos, que nada nos divida\u201d, exhort\u00f3.<\/p>\n\n\n\n<p>A unas horas de que tome posesi\u00f3n como Presidenta Municipal de Veracruz, Paty Lobeira dijo que ha sido un largo camino y que todos quer\u00edan que terminara ya esta etapa de demandas y debate para arrancar con unidad y fuerza la tarea de gobierno.<\/p>\n\n\n\n<p>Subray\u00f3 que as\u00ed lo har\u00e1, porque hoy ya no es asunto de elecciones y colores, sino es un tema de todos. \u201cAntes que militantes de uno u otro partido somos veracruzanas y veracruzanos\u201d.<\/p>\n\n\n\n<p>La Alcaldesa electa Patricia Lobeira afirm\u00f3 que iniciar\u00e1 su gobierno con todo el \u00e1nimo, con toda emoci\u00f3n y pasi\u00f3n.<\/p>\n\n\n\n<blockquote class=\"wp-block-quote is-layout-flow wp-block-quote-is-layout-flow\"><p>\u201cQuiero compartir con todos ustedes y con sus familias nuestra felicidad y decirles nuevamente gracias, muchas gracias por su confianza\u201d, reiter\u00f3.<\/p><\/blockquote>\n\n\n\n<p><\/p>\n","protected":false},"excerpt":{"rendered":"<p>Luego de que la Sala Superior del Tribunal Electoral Federal confirm\u00f3 que gan\u00f3 limpiamente la elecci\u00f3n del pasado 6 de junio, la Alcaldesa electa del Municipio de Veracruz, Patricia Lobeira Rodr\u00edguez, agradeci\u00f3 a los veracruzanos por su confianza y les pide ir juntos en la construcci\u00f3n de un mejor Veracruz. Manifest\u00f3 que sabe cu\u00e1les son [&hellip;]<\/p>\n","protected":false},"author":6,"featured_media":32580,"comment_status":"open","ping_status":"open","sticky":false,"template":"","format":"standard","meta":{"_monsterinsights_skip_tracking":false,"_monsterinsights_sitenote_active":false,"_monsterinsights_sitenote_note":"","_monsterinsights_sitenote_category":0,"footnotes":""},"categories":[154],"tags":[7693,162],"class_list":["post-35153","post","type-post","status-publish","format-standard","has-post-thumbnail","hentry","category-veracruz","tag-paty-lobeira","tag-portada","wp-image-borders"],"amp_enabled":true,"_links":{"self":[{"href":"https:\/\/nvnoticias.mx\/index.php\/wp-json\/wp\/v2\/posts\/35153","targetHints":{"allow":["GET"]}}],"collection":[{"href":"https:\/\/nvnoticias.mx\/index.php\/wp-json\/wp\/v2\/posts"}],"about":[{"href":"https:\/\/nvnoticias.mx\/index.php\/wp-json\/wp\/v2\/types\/post"}],"author":[{"embeddable":true,"href":"https:\/\/nvnoticias.mx\/index.php\/wp-json\/wp\/v2\/users\/6"}],"replies":[{"embeddable":true,"href":"https:\/\/nvnoticias.mx\/index.php\/wp-json\/wp\/v2\/comments?post=35153"}],"version-history":[{"count":3,"href":"https:\/\/nvnoticias.mx\/index.php\/wp-json\/wp\/v2\/posts\/35153\/revisions"}],"predecessor-version":[{"id":35193,"href":"https:\/\/nvnoticias.mx\/index.php\/wp-json\/wp\/v2\/posts\/35153\/revisions\/35193"}],"wp:featuredmedia":[{"embeddable":true,"href":"https:\/\/nvnoticias.mx\/index.php\/wp-json\/wp\/v2\/media\/32580"}],"wp:attachment":[{"href":"https:\/\/nvnoticias.mx\/index.php\/wp-json\/wp\/v2\/media?parent=35153"}],"wp:term":[{"taxonomy":"category","embeddable":true,"href":"https:\/\/nvnoticias.mx\/index.php\/wp-json\/wp\/v2\/categories?post=35153"},{"taxonomy":"post_tag","embeddable":true,"href":"https:\/\/nvnoticias.mx\/index.php\/wp-json\/wp\/v2\/tags?post=35153"}],"curies":[{"name":"wp","href":"https:\/\/api.w.org\/{rel}","templated":true}]}}