{"id":35146,"date":"2021-12-29T16:46:26","date_gmt":"2021-12-29T22:46:26","guid":{"rendered":"https:\/\/nvnoticias.mx\/?p=35146"},"modified":"2021-12-29T16:46:27","modified_gmt":"2021-12-29T22:46:27","slug":"congreso-define-alcaldes-en-municipios-con-autoridades-electos-fallecidos-o-en-prision","status":"publish","type":"post","link":"https:\/\/nvnoticias.mx\/index.php\/2021\/12\/29\/congreso-define-alcaldes-en-municipios-con-autoridades-electos-fallecidos-o-en-prision\/","title":{"rendered":"Congreso define alcaldes en municipios con autoridades electos fallecidos o en prisi\u00f3n"},"content":{"rendered":"\n<p><strong>Sam Ojeda\u00a0| NV Noticias<\/strong><\/p>\n\n\n\n<p>Xalapa.- El Congreso local llam\u00f3 a los presidentes municipales suplentes electas de los municipios de Isla, Maltrata, Texistepec, Lerdo de Tejada y Cazones de Herrera, debido a la muerte o asesinato de las autoridades electas.\u00a0<\/p>\n\n\n\n<p>En el caso de Cazones de Herrera, los diputados llamaron a Miguel \u00c1ngel Uribe Toral para que asuma el cargo en tanto se define la situaci\u00f3n jur\u00eddica de Omar \u201cN\u201d, suplente del candidato de Movimiento Ciudadano, Remigio Tovar, asesinado dos d\u00edas antes de la elecci\u00f3n y por cuyo homicidio su suplente fue detenido.\u00a0<\/p>\n\n\n\n<p>En Lerdo de Tejada asumir\u00e1 el cargo \u00c1ngel Vichi Lara, luego de que el alcalde electo Jorge Fabi\u00e1n \u201cN\u201d fue detenido por su presunta participaci\u00f3n en el secuestro de cuando menos dos personas y por lo cual est\u00e1 detenido en un penal federal de Durango.\u00a0<\/p>\n\n\n\n<p>A estos se suma el caso de Isla, en donde asumir\u00e1 el cargo de alcalde Gustavo Alfonso Torres, luego de que se registr\u00f3 el fallecimiento del alcalde electo Abelino Barrientos Castro por covid-19.\u00a0<\/p>\n\n\n\n<p>En Maltrata ser\u00e1 Margarito Ram\u00edrez Brenis el alcalde luego de que el priista Leopoldo G\u00f3mez Corona falleci\u00f3 tambi\u00e9n a causa del covid-19. En Texistepec el alcalde ser\u00e1 V\u00edctor Manuel S\u00e1nchez Florentino, tras el deceso del alcalde electo Jos\u00e9 Luis Flores Subiaur.<\/p>\n","protected":false},"excerpt":{"rendered":"<p>Sam Ojeda\u00a0| NV Noticias Xalapa.- El Congreso local llam\u00f3 a los presidentes municipales suplentes electas de los municipios de Isla, Maltrata, Texistepec, Lerdo de Tejada y Cazones de Herrera, debido a la muerte o asesinato de las autoridades electas.\u00a0 En el caso de Cazones de Herrera, los diputados llamaron a Miguel \u00c1ngel Uribe Toral para [&hellip;]<\/p>\n","protected":false},"author":7,"featured_media":16207,"comment_status":"open","ping_status":"open","sticky":false,"template":"","format":"standard","meta":{"_monsterinsights_skip_tracking":false,"_monsterinsights_sitenote_active":false,"_monsterinsights_sitenote_note":"","_monsterinsights_sitenote_category":0,"footnotes":""},"categories":[158],"tags":[1013,570,2810],"class_list":["post-35146","post","type-post","status-publish","format-standard","has-post-thumbnail","hentry","category-politica","tag-alcaldes","tag-congreso-del-estado-de-veracruz","tag-municipios","wp-image-borders"],"amp_enabled":true,"_links":{"self":[{"href":"https:\/\/nvnoticias.mx\/index.php\/wp-json\/wp\/v2\/posts\/35146","targetHints":{"allow":["GET"]}}],"collection":[{"href":"https:\/\/nvnoticias.mx\/index.php\/wp-json\/wp\/v2\/posts"}],"about":[{"href":"https:\/\/nvnoticias.mx\/index.php\/wp-json\/wp\/v2\/types\/post"}],"author":[{"embeddable":true,"href":"https:\/\/nvnoticias.mx\/index.php\/wp-json\/wp\/v2\/users\/7"}],"replies":[{"embeddable":true,"href":"https:\/\/nvnoticias.mx\/index.php\/wp-json\/wp\/v2\/comments?post=35146"}],"version-history":[{"count":1,"href":"https:\/\/nvnoticias.mx\/index.php\/wp-json\/wp\/v2\/posts\/35146\/revisions"}],"predecessor-version":[{"id":35147,"href":"https:\/\/nvnoticias.mx\/index.php\/wp-json\/wp\/v2\/posts\/35146\/revisions\/35147"}],"wp:featuredmedia":[{"embeddable":true,"href":"https:\/\/nvnoticias.mx\/index.php\/wp-json\/wp\/v2\/media\/16207"}],"wp:attachment":[{"href":"https:\/\/nvnoticias.mx\/index.php\/wp-json\/wp\/v2\/media?parent=35146"}],"wp:term":[{"taxonomy":"category","embeddable":true,"href":"https:\/\/nvnoticias.mx\/index.php\/wp-json\/wp\/v2\/categories?post=35146"},{"taxonomy":"post_tag","embeddable":true,"href":"https:\/\/nvnoticias.mx\/index.php\/wp-json\/wp\/v2\/tags?post=35146"}],"curies":[{"name":"wp","href":"https:\/\/api.w.org\/{rel}","templated":true}]}}