{"id":35106,"date":"2021-12-29T11:05:45","date_gmt":"2021-12-29T17:05:45","guid":{"rendered":"https:\/\/nvnoticias.mx\/?p=35106"},"modified":"2021-12-29T11:05:46","modified_gmt":"2021-12-29T17:05:46","slug":"se-requiere-urgentemente-un-penal-en-veracruz","status":"publish","type":"post","link":"https:\/\/nvnoticias.mx\/index.php\/2021\/12\/29\/se-requiere-urgentemente-un-penal-en-veracruz\/","title":{"rendered":"Se requiere urgentemente un penal en Veracruz"},"content":{"rendered":"\n<p><strong>Jes\u00fas Utrilla | NV Noticias<\/strong><\/p>\n\n\n\n<p>El m\u00f3dulo de prisi\u00f3n preventiva de la ciudad de Veracruz, conocido como Penalito, no cuenta con las caracter\u00edsticas de reclusorio, por lo que es urgente un Cereso en el distrito judicial, se\u00f1al\u00f3 Rosario Guadalupe Gayot Lara, ex encargada del Penalito.<\/p>\n\n\n\n<p>Explic\u00f3 que dicho sitio, ubicado en la Colonia Playa Linda tiene celdas con capacidad para 7 o 10 personas pero en ocasiones deben ingresar al doble de personas<\/p>\n\n\n\n<p>Aunado a ello a los detenidos despu\u00e9s de un tiempo se les canaliza a otros municipios de la entidad.&nbsp;<\/p>\n\n\n\n<blockquote class=\"wp-block-quote is-layout-flow wp-block-quote-is-layout-flow\"><p>\u201cHab\u00eda en total 8 celdas pero una de ella era la cocina, entonces hab\u00eda 7. La capacidad por celda para que est\u00e9n c\u00f3modos debe ser de 8 a 10 personas pero es mayor por el volumen de personas que luego llegan. Me lleg\u00f3 a tocar tener hasta 20 personas por celda\u201d.<\/p><\/blockquote>\n\n\n\n<p>Un detenido llega a estar una o m\u00e1ximo semana y media en El Penalito, es decir, hasta que les dictaminen su vinculaci\u00f3n a proceso, o por el contrario se le devuelva su libertad.<\/p>\n\n\n\n<p>Pero la primera opci\u00f3n implica su traslado fuera del distrito Veracruz.<\/p>\n\n\n\n<blockquote class=\"wp-block-quote is-layout-flow wp-block-quote-is-layout-flow\"><p>\u201cEl abogado cobra honorarios pero implica gastos para la familia. S\u00ed se necesita un penal, si bien es cierto lo que sabemos respecto a la instalaci\u00f3n del Penal de Allende ya no podr\u00eda ser penal por el lugar donde est\u00e1, los espacios ya no son los id\u00f3neos\u201d.<\/p><\/blockquote>\n\n\n\n<p>La presidenta electa del Colegio de Abogados de Veracruz A.C, reiter\u00f3 que es urgente que se construya un penal en distrito judicial de Veracruz.<br><\/p>\n","protected":false},"excerpt":{"rendered":"<p>Jes\u00fas Utrilla | NV Noticias El m\u00f3dulo de prisi\u00f3n preventiva de la ciudad de Veracruz, conocido como Penalito, no cuenta con las caracter\u00edsticas de reclusorio, por lo que es urgente un Cereso en el distrito judicial, se\u00f1al\u00f3 Rosario Guadalupe Gayot Lara, ex encargada del Penalito. Explic\u00f3 que dicho sitio, ubicado en la Colonia Playa Linda [&hellip;]<\/p>\n","protected":false},"author":6,"featured_media":35112,"comment_status":"open","ping_status":"open","sticky":false,"template":"","format":"standard","meta":{"_monsterinsights_skip_tracking":false,"_monsterinsights_sitenote_active":false,"_monsterinsights_sitenote_note":"","_monsterinsights_sitenote_category":0,"footnotes":""},"categories":[154],"tags":[519,180],"class_list":["post-35106","post","type-post","status-publish","format-standard","has-post-thumbnail","hentry","category-veracruz","tag-penal","tag-veracruz","wp-image-borders"],"amp_enabled":true,"_links":{"self":[{"href":"https:\/\/nvnoticias.mx\/index.php\/wp-json\/wp\/v2\/posts\/35106","targetHints":{"allow":["GET"]}}],"collection":[{"href":"https:\/\/nvnoticias.mx\/index.php\/wp-json\/wp\/v2\/posts"}],"about":[{"href":"https:\/\/nvnoticias.mx\/index.php\/wp-json\/wp\/v2\/types\/post"}],"author":[{"embeddable":true,"href":"https:\/\/nvnoticias.mx\/index.php\/wp-json\/wp\/v2\/users\/6"}],"replies":[{"embeddable":true,"href":"https:\/\/nvnoticias.mx\/index.php\/wp-json\/wp\/v2\/comments?post=35106"}],"version-history":[{"count":1,"href":"https:\/\/nvnoticias.mx\/index.php\/wp-json\/wp\/v2\/posts\/35106\/revisions"}],"predecessor-version":[{"id":35109,"href":"https:\/\/nvnoticias.mx\/index.php\/wp-json\/wp\/v2\/posts\/35106\/revisions\/35109"}],"wp:featuredmedia":[{"embeddable":true,"href":"https:\/\/nvnoticias.mx\/index.php\/wp-json\/wp\/v2\/media\/35112"}],"wp:attachment":[{"href":"https:\/\/nvnoticias.mx\/index.php\/wp-json\/wp\/v2\/media?parent=35106"}],"wp:term":[{"taxonomy":"category","embeddable":true,"href":"https:\/\/nvnoticias.mx\/index.php\/wp-json\/wp\/v2\/categories?post=35106"},{"taxonomy":"post_tag","embeddable":true,"href":"https:\/\/nvnoticias.mx\/index.php\/wp-json\/wp\/v2\/tags?post=35106"}],"curies":[{"name":"wp","href":"https:\/\/api.w.org\/{rel}","templated":true}]}}