{"id":35032,"date":"2021-12-28T12:42:44","date_gmt":"2021-12-28T18:42:44","guid":{"rendered":"https:\/\/nvnoticias.mx\/?p=35032"},"modified":"2021-12-28T12:42:45","modified_gmt":"2021-12-28T18:42:45","slug":"ni-tibieza-ni-neutralidad-contra-inocentes-en-veracruz-monreal","status":"publish","type":"post","link":"https:\/\/nvnoticias.mx\/index.php\/2021\/12\/28\/ni-tibieza-ni-neutralidad-contra-inocentes-en-veracruz-monreal\/","title":{"rendered":"Ni tibieza ni neutralidad ante tropel\u00edas contra inocentes en Veracruz: Monreal"},"content":{"rendered":"\n<p>El presidente de la Junta de Coordinaci\u00f3n Pol\u00edtica del Senado, Ricardo Monreal, dijo que frente a las injusticias y tropel\u00edas en la detenci\u00f3n arbitraria de Jos\u00e9 Manuel del R\u00edo Virgen, \u201cno podemos actuar con neutralidad ni tampoco con tibieza\u201d, mucho menos caer en los extremos, pero s\u00ed luchar para que prevalezcan en M\u00e9xico el Estado de derecho y la presunci\u00f3n de inocencia.<\/p>\n\n\n\n<p>Por eso, llam\u00f3 a los ciudadanos del estado de Veracruz, a sus pares y a militantes de Morena, asumir una postura en la que, con claridad, objetividad y argumentos, evitemos caer en un s\u00edncope pol\u00edtico que nos aleje de la posibilidad de luchar para que en M\u00e9xico el Estado de derecho y la presunci\u00f3n de inocencia prevalezcan siempre.<\/p>\n\n\n\n<blockquote class=\"wp-block-quote is-layout-flow wp-block-quote-is-layout-flow\"><p>Frente a las tropel\u00edas que viven en estos momentos los ciudadanos de Veracruz, dijo, \u201chay que estar junto a ellas y ellos, \u00e9sa es la esencia de Morena, no podemos cambiarla, fue lo que nos dio vida, fuerza y entereza. Tenemos que colocarnos en el lado contrario del de los opresores, con contundencia, sin contemplaciones y sin tibieza\u201d.<\/p><\/blockquote>\n\n\n\n<p>En un mensaje en sus redes sociales expuso que estos ideales, en que se sustenta el movimiento morenista, \u201cdeber\u00edan ser aplicados de manera universal por todas las personas, pero especialmente por las mujeres y los hombres de leyes\u201d.<\/p>\n\n\n\n<p><blockquote class=\"twitter-tweet\" data-width=\"550\" data-dnt=\"true\"><p lang=\"es\" dir=\"ltr\">La poblaci\u00f3n en Veracruz lo sabe: la Polic\u00eda y el Poder Judicial cometen abusos, especialmente contra quienes denuncian sus excesos.<br>Ante la injusticia, no podemos actuar con tibieza o neutralidad.<br>Les comparto mi columna para <a href=\"https:\/\/twitter.com\/Milenio?ref_src=twsrc%5Etfw\">@Milenio<\/a>.<a href=\"https:\/\/t.co\/ipBBFzAHYz\">https:\/\/t.co\/ipBBFzAHYz<\/a><\/p>&mdash; Ricardo Monreal A. (@RicardoMonrealA) <a href=\"https:\/\/twitter.com\/RicardoMonrealA\/status\/1475809418952519682?ref_src=twsrc%5Etfw\">December 28, 2021<\/a><\/blockquote><script async src=\"https:\/\/platform.twitter.com\/widgets.js\" charset=\"utf-8\"><\/script> <\/p>\n\n\n\n<p>Cabe destacar que hoy se termina el plazo para que sea vinculado a proceso Jos\u00e9 Manuel del R\u00edo Virgen, secretario t\u00e9cnico de la Jucopo, quien fue detenido en Veracruz por el presunto homicidio de Ren\u00e9 Tovar, excandidato a presidente municipal de Casones Herrera.<\/p>\n\n\n\n<p>Fuente: El Universal<\/p>\n","protected":false},"excerpt":{"rendered":"<p>El presidente de la Junta de Coordinaci\u00f3n Pol\u00edtica del Senado, Ricardo Monreal, dijo que frente a las injusticias y tropel\u00edas en la detenci\u00f3n arbitraria de Jos\u00e9 Manuel del R\u00edo Virgen, \u201cno podemos actuar con neutralidad ni tampoco con tibieza\u201d, mucho menos caer en los extremos, pero s\u00ed luchar para que prevalezcan en M\u00e9xico el Estado [&hellip;]<\/p>\n","protected":false},"author":6,"featured_media":20552,"comment_status":"open","ping_status":"open","sticky":false,"template":"","format":"standard","meta":{"_monsterinsights_skip_tracking":false,"_monsterinsights_sitenote_active":false,"_monsterinsights_sitenote_note":"","_monsterinsights_sitenote_category":0,"footnotes":""},"categories":[158],"tags":[162,600,180],"class_list":["post-35032","post","type-post","status-publish","format-standard","has-post-thumbnail","hentry","category-politica","tag-portada","tag-ricardo-monreal","tag-veracruz","wp-image-borders"],"amp_enabled":true,"_links":{"self":[{"href":"https:\/\/nvnoticias.mx\/index.php\/wp-json\/wp\/v2\/posts\/35032","targetHints":{"allow":["GET"]}}],"collection":[{"href":"https:\/\/nvnoticias.mx\/index.php\/wp-json\/wp\/v2\/posts"}],"about":[{"href":"https:\/\/nvnoticias.mx\/index.php\/wp-json\/wp\/v2\/types\/post"}],"author":[{"embeddable":true,"href":"https:\/\/nvnoticias.mx\/index.php\/wp-json\/wp\/v2\/users\/6"}],"replies":[{"embeddable":true,"href":"https:\/\/nvnoticias.mx\/index.php\/wp-json\/wp\/v2\/comments?post=35032"}],"version-history":[{"count":2,"href":"https:\/\/nvnoticias.mx\/index.php\/wp-json\/wp\/v2\/posts\/35032\/revisions"}],"predecessor-version":[{"id":35038,"href":"https:\/\/nvnoticias.mx\/index.php\/wp-json\/wp\/v2\/posts\/35032\/revisions\/35038"}],"wp:featuredmedia":[{"embeddable":true,"href":"https:\/\/nvnoticias.mx\/index.php\/wp-json\/wp\/v2\/media\/20552"}],"wp:attachment":[{"href":"https:\/\/nvnoticias.mx\/index.php\/wp-json\/wp\/v2\/media?parent=35032"}],"wp:term":[{"taxonomy":"category","embeddable":true,"href":"https:\/\/nvnoticias.mx\/index.php\/wp-json\/wp\/v2\/categories?post=35032"},{"taxonomy":"post_tag","embeddable":true,"href":"https:\/\/nvnoticias.mx\/index.php\/wp-json\/wp\/v2\/tags?post=35032"}],"curies":[{"name":"wp","href":"https:\/\/api.w.org\/{rel}","templated":true}]}}