{"id":35018,"date":"2021-12-28T12:09:45","date_gmt":"2021-12-28T18:09:45","guid":{"rendered":"https:\/\/nvnoticias.mx\/?p=35018"},"modified":"2021-12-28T12:09:46","modified_gmt":"2021-12-28T18:09:46","slug":"exhorta-imss-reforzar-cuidados-adultos-mayores-contra-covid","status":"publish","type":"post","link":"https:\/\/nvnoticias.mx\/index.php\/2021\/12\/28\/exhorta-imss-reforzar-cuidados-adultos-mayores-contra-covid\/","title":{"rendered":"Exhorta IMSS a reforzar cuidados de adultos mayores contra covid-19"},"content":{"rendered":"\n<p>El Instituto Mexicano del Seguro Social (IMSS) en Veracruz Norte exhorta a la poblaci\u00f3n en general a no bajar la guardia durante la temporada de fiestas decembrina y reforzar las medidas de seguridad e higiene con los adultos mayores con el objetivo de evitar contagios de COVID-19 en este grupo vulnerable.<\/p>\n\n\n\n<blockquote class=\"wp-block-quote is-layout-flow wp-block-quote-is-layout-flow\"><p>\u2018\u2018A pesar de contar con el esquema de vacunaci\u00f3n completo y la dosis de refuerzo, los adultos mayores son de los grupos m\u00e1s vulnerable a la COVID-19, en especial aquellos que cursan enfermedades cr\u00f3nicas degenerativas, por ello es importante protegerlos para evitar contagios\u2019\u2019, declar\u00f3 el coordinador auxiliar de Salud P\u00fablica, doctor Jos\u00e9 Artemio Cruz L\u00f3pez.<\/p><\/blockquote>\n\n\n\n<p>Durante esta temporada decembrina, se recomienda evitar aumentar la movilidad, de no ser posible, se debe mantener la sana distancia al estar en cualquier recinto o espacio p\u00fablico, en caso de acudir a reuniones familiares mantener ventilaci\u00f3n en espacios cerrados, hacer uso constante del cubrebocas, aplicar alcohol gel y lavado frecuente de manos con agua y jab\u00f3n.<\/p>\n\n\n\n<p>Cruz L\u00f3pez explic\u00f3 \u2018\u2018se debe tener un control de las visitas familiares que reciben los adultos mayores, todo integrante de la familia debe ser consiente que s\u00ed estuvo expuesto en reuniones o aglomeraciones masivas se tiene que evitar contacto con los adultos mayores y mantener estrictas medidas de higiene porque es un factor de riesgo para un posible contagio de coronavirus\u2019\u2019.<\/p>\n\n\n\n<p>Asimismo, recomend\u00f3 que en caso de presentar s\u00edntomas caracter\u00edsticos de esta enfermedad, el Instituto cuenta con los M\u00f3dulos de Atenci\u00f3n Respiratoria del Seguro Social (MARSS) en todas las Unidades de Medicina Familiar, para dar atenci\u00f3n oportuna y evitar complicaciones.<\/p>\n","protected":false},"excerpt":{"rendered":"<p>El Instituto Mexicano del Seguro Social (IMSS) en Veracruz Norte exhorta a la poblaci\u00f3n en general a no bajar la guardia durante la temporada de fiestas decembrina y reforzar las medidas de seguridad e higiene con los adultos mayores con el objetivo de evitar contagios de COVID-19 en este grupo vulnerable. \u2018\u2018A pesar de contar [&hellip;]<\/p>\n","protected":false},"author":6,"featured_media":35025,"comment_status":"open","ping_status":"open","sticky":false,"template":"","format":"standard","meta":{"_monsterinsights_skip_tracking":false,"_monsterinsights_sitenote_active":false,"_monsterinsights_sitenote_note":"","_monsterinsights_sitenote_category":0,"footnotes":""},"categories":[154],"tags":[1390,175,365],"class_list":["post-35018","post","type-post","status-publish","format-standard","has-post-thumbnail","hentry","category-veracruz","tag-adultos-mayores","tag-covid-19","tag-imss","wp-image-borders"],"amp_enabled":true,"_links":{"self":[{"href":"https:\/\/nvnoticias.mx\/index.php\/wp-json\/wp\/v2\/posts\/35018","targetHints":{"allow":["GET"]}}],"collection":[{"href":"https:\/\/nvnoticias.mx\/index.php\/wp-json\/wp\/v2\/posts"}],"about":[{"href":"https:\/\/nvnoticias.mx\/index.php\/wp-json\/wp\/v2\/types\/post"}],"author":[{"embeddable":true,"href":"https:\/\/nvnoticias.mx\/index.php\/wp-json\/wp\/v2\/users\/6"}],"replies":[{"embeddable":true,"href":"https:\/\/nvnoticias.mx\/index.php\/wp-json\/wp\/v2\/comments?post=35018"}],"version-history":[{"count":1,"href":"https:\/\/nvnoticias.mx\/index.php\/wp-json\/wp\/v2\/posts\/35018\/revisions"}],"predecessor-version":[{"id":35024,"href":"https:\/\/nvnoticias.mx\/index.php\/wp-json\/wp\/v2\/posts\/35018\/revisions\/35024"}],"wp:featuredmedia":[{"embeddable":true,"href":"https:\/\/nvnoticias.mx\/index.php\/wp-json\/wp\/v2\/media\/35025"}],"wp:attachment":[{"href":"https:\/\/nvnoticias.mx\/index.php\/wp-json\/wp\/v2\/media?parent=35018"}],"wp:term":[{"taxonomy":"category","embeddable":true,"href":"https:\/\/nvnoticias.mx\/index.php\/wp-json\/wp\/v2\/categories?post=35018"},{"taxonomy":"post_tag","embeddable":true,"href":"https:\/\/nvnoticias.mx\/index.php\/wp-json\/wp\/v2\/tags?post=35018"}],"curies":[{"name":"wp","href":"https:\/\/api.w.org\/{rel}","templated":true}]}}