{"id":35016,"date":"2021-12-28T11:29:34","date_gmt":"2021-12-28T17:29:34","guid":{"rendered":"https:\/\/nvnoticias.mx\/?p=35016"},"modified":"2021-12-28T11:29:35","modified_gmt":"2021-12-28T17:29:35","slug":"ahued-rendira-protesta-el-31-de-diciembre","status":"publish","type":"post","link":"https:\/\/nvnoticias.mx\/index.php\/2021\/12\/28\/ahued-rendira-protesta-el-31-de-diciembre\/","title":{"rendered":"Ahued rendir\u00e1 protesta el 31 de diciembre"},"content":{"rendered":"\n<p><strong>Sam Ojeda | NV Noticias<\/strong><\/p>\n\n\n\n<p>Xalapa.- Ser\u00e1 el 31 de diciembre cuando Ricardo Ahued Bardahuil rinda protesta de ley en una sesi\u00f3n solemne de Cabildo.<\/p>\n\n\n\n<p>La ceremonia se tiene prevista para las 11 de la ma\u00f1ana en el Palacio Municipal de Xalapa, a fin de que rinda protesta como presidente municipal para el periodo \u202a2022-2025\u202c.<\/p>\n\n\n\n<p>Ahued Bardahuil anunci\u00f3 que absorber\u00e1 el total del gasto de su toma de protesta, para el recurso que la actual administraci\u00f3n reserv\u00f3 para dicho evento se pueda utilizar en la reparaci\u00f3n de las losas de pavimento y las fugas de agua de la calle de Ju\u00e1rez.<\/p>\n\n\n\n<blockquote class=\"wp-block-quote is-layout-flow wp-block-quote-is-layout-flow\"><p>\u201cEn vez de que yo tenga un evento para un ratito y se tire ese dinero a la basura, vamos a pavimentar Ju\u00e1rez\u201d, dijo recientemente.<\/p><\/blockquote>\n\n\n\n<p>Se\u00f1al\u00f3 que a partir el 3 de enero de 2022, primer d\u00eda h\u00e1bil de su administraci\u00f3n, iniciar\u00e1 la pavimentaci\u00f3n del primero de seis kil\u00f3metros con concreto donado.<\/p>\n\n\n\n<p>Adem\u00e1s, dar\u00e1 el banderazo de las primeras ollas de concreto de donaci\u00f3n para dicha obra, en la que el ayuntamiento participar\u00e1 como responsable de la supervisi\u00f3n t\u00e9cnica.<\/p>\n","protected":false},"excerpt":{"rendered":"<p>Sam Ojeda | NV Noticias Xalapa.- Ser\u00e1 el 31 de diciembre cuando Ricardo Ahued Bardahuil rinda protesta de ley en una sesi\u00f3n solemne de Cabildo. La ceremonia se tiene prevista para las 11 de la ma\u00f1ana en el Palacio Municipal de Xalapa, a fin de que rinda protesta como presidente municipal para el periodo \u202a2022-2025\u202c. [&hellip;]<\/p>\n","protected":false},"author":6,"featured_media":13488,"comment_status":"open","ping_status":"open","sticky":false,"template":"","format":"standard","meta":{"_monsterinsights_skip_tracking":false,"_monsterinsights_sitenote_active":false,"_monsterinsights_sitenote_note":"","_monsterinsights_sitenote_category":0,"footnotes":""},"categories":[156],"tags":[1086,8216,312],"class_list":["post-35016","post","type-post","status-publish","format-standard","has-post-thumbnail","hentry","category-estado","tag-ricardo-ahued","tag-toma-protesta","tag-xalapa","wp-image-borders"],"amp_enabled":true,"_links":{"self":[{"href":"https:\/\/nvnoticias.mx\/index.php\/wp-json\/wp\/v2\/posts\/35016","targetHints":{"allow":["GET"]}}],"collection":[{"href":"https:\/\/nvnoticias.mx\/index.php\/wp-json\/wp\/v2\/posts"}],"about":[{"href":"https:\/\/nvnoticias.mx\/index.php\/wp-json\/wp\/v2\/types\/post"}],"author":[{"embeddable":true,"href":"https:\/\/nvnoticias.mx\/index.php\/wp-json\/wp\/v2\/users\/6"}],"replies":[{"embeddable":true,"href":"https:\/\/nvnoticias.mx\/index.php\/wp-json\/wp\/v2\/comments?post=35016"}],"version-history":[{"count":1,"href":"https:\/\/nvnoticias.mx\/index.php\/wp-json\/wp\/v2\/posts\/35016\/revisions"}],"predecessor-version":[{"id":35017,"href":"https:\/\/nvnoticias.mx\/index.php\/wp-json\/wp\/v2\/posts\/35016\/revisions\/35017"}],"wp:featuredmedia":[{"embeddable":true,"href":"https:\/\/nvnoticias.mx\/index.php\/wp-json\/wp\/v2\/media\/13488"}],"wp:attachment":[{"href":"https:\/\/nvnoticias.mx\/index.php\/wp-json\/wp\/v2\/media?parent=35016"}],"wp:term":[{"taxonomy":"category","embeddable":true,"href":"https:\/\/nvnoticias.mx\/index.php\/wp-json\/wp\/v2\/categories?post=35016"},{"taxonomy":"post_tag","embeddable":true,"href":"https:\/\/nvnoticias.mx\/index.php\/wp-json\/wp\/v2\/tags?post=35016"}],"curies":[{"name":"wp","href":"https:\/\/api.w.org\/{rel}","templated":true}]}}