{"id":35004,"date":"2021-12-28T10:18:35","date_gmt":"2021-12-28T16:18:35","guid":{"rendered":"https:\/\/nvnoticias.mx\/?p=35004"},"modified":"2021-12-28T10:18:36","modified_gmt":"2021-12-28T16:18:36","slug":"mc-tiene-que-buscar-nulidad-de-eleccion-en-amatitlan","status":"publish","type":"post","link":"https:\/\/nvnoticias.mx\/index.php\/2021\/12\/28\/mc-tiene-que-buscar-nulidad-de-eleccion-en-amatitlan\/","title":{"rendered":"MC tiene que buscar nulidad de elecci\u00f3n en Amatitl\u00e1n"},"content":{"rendered":"\n<p><strong>Sam Ojeda | NV Noticias<\/strong>&nbsp;<\/p>\n\n\n\n<p>Xalapa. &#8211; El consejero del Instituto Nacional Electoral (INE), Jos\u00e9 Roberto Ruiz Salda\u00f1a, dijo que Movimiento Ciudadano (MC) debe hacer valer la nulidad de elecci\u00f3n en el municipio de Amatitl\u00e1n, luego de que INE determin\u00f3 que la candidata a la presidencia municipal de la coalici\u00f3n \u201cJuntos haremos historia\u201d, Alma Rosa Clara Rodr\u00edguez, rebas\u00f3 el tope de gastos de campa\u00f1a.&nbsp;<\/p>\n\n\n\n<blockquote class=\"wp-block-quote is-layout-flow wp-block-quote-is-layout-flow\"><p>\u201cLo que tiene que suceder es que el partido pol\u00edtico de Movimiento Ciudadano tiene que hacer valer que se actualice ante el OPLE o ante el Tribunal Electoral de Veracruz la nulidad de la elecci\u00f3n\u201d.\u00a0<\/p><\/blockquote>\n\n\n\n<p>Esto ya que dijo al tema de rebase en el tope de gastos de campa\u00f1a se suma que la diferencia entre el primer y segundo lugar es mejor al 5 por ciento, por lo cual no descart\u00f3 que haya elecciones extraordinarias en ese municipio. &nbsp;&nbsp;<\/p>\n\n\n\n<blockquote class=\"wp-block-quote is-layout-flow wp-block-quote-is-layout-flow\"><p>\u201cEst\u00e1 en puerta, por temas de fiscalizaci\u00f3n, la elecci\u00f3n de Amatitl\u00e1n, en donde se actualiz\u00f3 el supuesto de rebase en topes de gastos de compa\u00f1a en m\u00e1s del 5 por ciento y una diferencia entre el primero y segundo lugar menor al 5 por ciento.\u201d \u00a0\u00a0<\/p><\/blockquote>\n\n\n\n<p>Dijo que con esa elecci\u00f3n en el estado de Veracruz se tendr\u00edan que realizar tres comicios extraordinarios, en Jes\u00fas Carranza y&nbsp;Chiconamel, por lo cual dijo lo recomendable es que se realizaran en un mismo d\u00eda o en fechas no tan separadas unas de otras.&nbsp; &nbsp;&nbsp;<\/p>\n\n\n\n<blockquote class=\"wp-block-quote is-layout-flow wp-block-quote-is-layout-flow\"><p>\u201cEl ideal es que todos los procesos extraordinarios sean concurrentes en todo el pa\u00eds, no solo en cada entidad federativa porque tenemos pendientes elecciones extraordinarias en Puebla, Oaxaca y ya Chiapas aprob\u00f3 que sean el 1 de abril y si no se logra poner un calendario \u00fanico, por lo menos nos sirve que no sea tan diverso ese calendario\u201d.\u00a0<\/p><\/blockquote>\n\n\n\n<p>En el caso del puerto de Veracruz, en donde PAN y Morena se disputan el triunfo, Ruiz Salda\u00f1a indic\u00f3 que esperar\u00e1n a que resuelva la instancia para determinar lo que procede.&nbsp;&nbsp;<\/p>\n\n\n\n<blockquote class=\"wp-block-quote is-layout-flow wp-block-quote-is-layout-flow\"><p>\u201cEstamos esperando, apenas est\u00e1 el medio de impugnaci\u00f3n y nosotros somos respetuosos de lo que decidan las autoridades jurisdiccionales y estaremos a la expectativa\u201d.\u00a0<\/p><\/blockquote>\n","protected":false},"excerpt":{"rendered":"<p>Sam Ojeda | NV Noticias&nbsp; Xalapa. &#8211; El consejero del Instituto Nacional Electoral (INE), Jos\u00e9 Roberto Ruiz Salda\u00f1a, dijo que Movimiento Ciudadano (MC) debe hacer valer la nulidad de elecci\u00f3n en el municipio de Amatitl\u00e1n, luego de que INE determin\u00f3 que la candidata a la presidencia municipal de la coalici\u00f3n \u201cJuntos haremos historia\u201d, Alma Rosa [&hellip;]<\/p>\n","protected":false},"author":6,"featured_media":17151,"comment_status":"open","ping_status":"open","sticky":false,"template":"","format":"standard","meta":{"_monsterinsights_skip_tracking":false,"_monsterinsights_sitenote_active":false,"_monsterinsights_sitenote_note":"","_monsterinsights_sitenote_category":0,"footnotes":""},"categories":[156],"tags":[7884,687],"class_list":["post-35004","post","type-post","status-publish","format-standard","has-post-thumbnail","hentry","category-estado","tag-amatitlan","tag-movimiento-ciudadano","wp-image-borders"],"amp_enabled":true,"_links":{"self":[{"href":"https:\/\/nvnoticias.mx\/index.php\/wp-json\/wp\/v2\/posts\/35004","targetHints":{"allow":["GET"]}}],"collection":[{"href":"https:\/\/nvnoticias.mx\/index.php\/wp-json\/wp\/v2\/posts"}],"about":[{"href":"https:\/\/nvnoticias.mx\/index.php\/wp-json\/wp\/v2\/types\/post"}],"author":[{"embeddable":true,"href":"https:\/\/nvnoticias.mx\/index.php\/wp-json\/wp\/v2\/users\/6"}],"replies":[{"embeddable":true,"href":"https:\/\/nvnoticias.mx\/index.php\/wp-json\/wp\/v2\/comments?post=35004"}],"version-history":[{"count":1,"href":"https:\/\/nvnoticias.mx\/index.php\/wp-json\/wp\/v2\/posts\/35004\/revisions"}],"predecessor-version":[{"id":35005,"href":"https:\/\/nvnoticias.mx\/index.php\/wp-json\/wp\/v2\/posts\/35004\/revisions\/35005"}],"wp:featuredmedia":[{"embeddable":true,"href":"https:\/\/nvnoticias.mx\/index.php\/wp-json\/wp\/v2\/media\/17151"}],"wp:attachment":[{"href":"https:\/\/nvnoticias.mx\/index.php\/wp-json\/wp\/v2\/media?parent=35004"}],"wp:term":[{"taxonomy":"category","embeddable":true,"href":"https:\/\/nvnoticias.mx\/index.php\/wp-json\/wp\/v2\/categories?post=35004"},{"taxonomy":"post_tag","embeddable":true,"href":"https:\/\/nvnoticias.mx\/index.php\/wp-json\/wp\/v2\/tags?post=35004"}],"curies":[{"name":"wp","href":"https:\/\/api.w.org\/{rel}","templated":true}]}}