{"id":34957,"date":"2021-12-27T13:28:55","date_gmt":"2021-12-27T19:28:55","guid":{"rendered":"https:\/\/nvnoticias.mx\/?p=34957"},"modified":"2021-12-27T13:58:52","modified_gmt":"2021-12-27T19:58:52","slug":"advierten-por-mayor-encarecimiento-de-vehiculos-en-mexico","status":"publish","type":"post","link":"https:\/\/nvnoticias.mx\/index.php\/2021\/12\/27\/advierten-por-mayor-encarecimiento-de-vehiculos-en-mexico\/","title":{"rendered":"Advierten por mayor encarecimiento de veh\u00edculos en M\u00e9xico"},"content":{"rendered":"\n<p><strong>Jes\u00fas Utrilla | NV Noticias<\/strong><\/p>\n\n\n\n<p>Guillermo Rosales Z\u00e1rate, director general adjunto de la Asociaci\u00f3n Mexicana de Distribuidores Automotores, advirti\u00f3 que el encarecimiento de los veh\u00edculos podr\u00eda continuar en nuestro pa\u00eds debido al encarecimiento de los fletes mar\u00edtimos.<\/p>\n\n\n\n<p>Agreg\u00f3 que tambi\u00e9n aumentaron\u00a0 los insumos de la producci\u00f3n lo que se refleja en el producto terminado.<\/p>\n\n\n\n<blockquote class=\"wp-block-quote is-layout-flow wp-block-quote-is-layout-flow\"><p>\u201cNo \u00fanicamente ha incrementado la disposici\u00f3n o renta de contenedores sino que el espacio mismo dentro de las embarcaciones ha te\u00f1ido incrementos de dos veces o tres veces, dependiendo de las rutas adem\u00e1s que se retras\u00f3 el despacho de las embarcaciones en funci\u00f3n del retraso que hay en la producci\u00f3n de veh\u00edculos\u201d.<\/p><\/blockquote>\n\n\n\n<p>Este a\u00f1o el precio de los veh\u00edculos subi\u00f3 9 por ciento, ya que m\u00e1s del 60 por ciento de las unidades proceden de Asia, Europa, Norteam\u00e9rica y Sudamerica.<\/p>\n\n\n\n<p>Pero a ra\u00edz de la pandemia hay atrasos en las entregas.<\/p>\n\n\n\n<p>Los fletes de China a M\u00e9xico duplicaron su costo y se refleja en el incremento de costos de producci\u00f3n porque las materias primas tambi\u00e9n sufrieron ajustes.<\/p>\n\n\n\n<blockquote class=\"wp-block-quote is-layout-flow wp-block-quote-is-layout-flow\"><p>\u201cSi antes se pod\u00eda ocupar el espacio disponible de una embarcaci\u00f3n para hacer un trayecto de China a M\u00e9xico o de Alemania a M\u00e9xico en una semana hoy no existe esa capacidad y por ello se postergan los suministros y se incrementan los costos\u201d.<\/p><\/blockquote>\n\n\n\n<p>No solo subieron los productos terminados sino las materias primas.<\/p>\n","protected":false},"excerpt":{"rendered":"<p>Jes\u00fas Utrilla | NV Noticias Guillermo Rosales Z\u00e1rate, director general adjunto de la Asociaci\u00f3n Mexicana de Distribuidores Automotores, advirti\u00f3 que el encarecimiento de los veh\u00edculos podr\u00eda continuar en nuestro pa\u00eds debido al encarecimiento de los fletes mar\u00edtimos. Agreg\u00f3 que tambi\u00e9n aumentaron\u00a0 los insumos de la producci\u00f3n lo que se refleja en el producto terminado. \u201cNo [&hellip;]<\/p>\n","protected":false},"author":6,"featured_media":6231,"comment_status":"open","ping_status":"open","sticky":false,"template":"","format":"standard","meta":{"_monsterinsights_skip_tracking":false,"_monsterinsights_sitenote_active":false,"_monsterinsights_sitenote_note":"","_monsterinsights_sitenote_category":0,"footnotes":""},"categories":[154],"tags":[4793,180],"class_list":["post-34957","post","type-post","status-publish","format-standard","has-post-thumbnail","hentry","category-veracruz","tag-vehiculos","tag-veracruz","wp-image-borders"],"amp_enabled":true,"_links":{"self":[{"href":"https:\/\/nvnoticias.mx\/index.php\/wp-json\/wp\/v2\/posts\/34957","targetHints":{"allow":["GET"]}}],"collection":[{"href":"https:\/\/nvnoticias.mx\/index.php\/wp-json\/wp\/v2\/posts"}],"about":[{"href":"https:\/\/nvnoticias.mx\/index.php\/wp-json\/wp\/v2\/types\/post"}],"author":[{"embeddable":true,"href":"https:\/\/nvnoticias.mx\/index.php\/wp-json\/wp\/v2\/users\/6"}],"replies":[{"embeddable":true,"href":"https:\/\/nvnoticias.mx\/index.php\/wp-json\/wp\/v2\/comments?post=34957"}],"version-history":[{"count":3,"href":"https:\/\/nvnoticias.mx\/index.php\/wp-json\/wp\/v2\/posts\/34957\/revisions"}],"predecessor-version":[{"id":34968,"href":"https:\/\/nvnoticias.mx\/index.php\/wp-json\/wp\/v2\/posts\/34957\/revisions\/34968"}],"wp:featuredmedia":[{"embeddable":true,"href":"https:\/\/nvnoticias.mx\/index.php\/wp-json\/wp\/v2\/media\/6231"}],"wp:attachment":[{"href":"https:\/\/nvnoticias.mx\/index.php\/wp-json\/wp\/v2\/media?parent=34957"}],"wp:term":[{"taxonomy":"category","embeddable":true,"href":"https:\/\/nvnoticias.mx\/index.php\/wp-json\/wp\/v2\/categories?post=34957"},{"taxonomy":"post_tag","embeddable":true,"href":"https:\/\/nvnoticias.mx\/index.php\/wp-json\/wp\/v2\/tags?post=34957"}],"curies":[{"name":"wp","href":"https:\/\/api.w.org\/{rel}","templated":true}]}}