{"id":34772,"date":"2021-12-24T09:05:18","date_gmt":"2021-12-24T15:05:18","guid":{"rendered":"https:\/\/nvnoticias.mx\/?p=34772"},"modified":"2021-12-24T09:05:19","modified_gmt":"2021-12-24T15:05:19","slug":"conagua-preve-que-2022-en-veracruz-inicie-con-deficit-de-lluvias","status":"publish","type":"post","link":"https:\/\/nvnoticias.mx\/index.php\/2021\/12\/24\/conagua-preve-que-2022-en-veracruz-inicie-con-deficit-de-lluvias\/","title":{"rendered":"CONAGUA prev\u00e9 que 2022 en Veracruz inicie con d\u00e9ficit de lluvias"},"content":{"rendered":"\n<p><strong>Sam Ojeda | NV Noticias<\/strong>&nbsp;<\/p>\n\n\n\n<p>Xalapa. &#8211; La jefa de&nbsp;Hidrometeorolog\u00eda&nbsp;de la Comisi\u00f3n Nacional del Agua (Conagua), Jessica Luna Lagunes, advirti\u00f3 que se prev\u00e9 a inicios de 2022 lluvias por debajo del promedio trimestral en Veracruz.&nbsp;<br>&nbsp;<br>Dijo que es posible que durante enero y febrero se registren precipitaciones inferiores a la estad\u00edstica, lo cual se combinar\u00eda con un invierno ligeramente m\u00e1s c\u00e1lido que en a\u00f1os anteriores.&nbsp;&nbsp;<br>&nbsp;<br>La especialista a\u00f1adi\u00f3 que la temporada de huracanes y ciclones tropicales cerr\u00f3 entre los cuatro m\u00e1s activos del litoral Atl\u00e1ntico, Golfo de M\u00e9xico y Mar Caribe.&nbsp;<br>&nbsp;<br>Indic\u00f3 que por s\u00e9ptimo a\u00f1o consecutivo la temporada de ciclones inici\u00f3 anticipadamente, con la tormenta Ana en el Atl\u00e1ntico.&nbsp;<br>&nbsp;<br>Y ante ello adelant\u00f3 que se analiza \u201crecorrer\u201d el comienzo de la temporada de huracanes antes del 15 de mayo, fecha oficial del calendario.&nbsp;<\/p>\n","protected":false},"excerpt":{"rendered":"<p>Sam Ojeda | NV Noticias&nbsp; Xalapa. &#8211; La jefa de&nbsp;Hidrometeorolog\u00eda&nbsp;de la Comisi\u00f3n Nacional del Agua (Conagua), Jessica Luna Lagunes, advirti\u00f3 que se prev\u00e9 a inicios de 2022 lluvias por debajo del promedio trimestral en Veracruz.&nbsp;&nbsp;Dijo que es posible que durante enero y febrero se registren precipitaciones inferiores a la estad\u00edstica, lo cual se combinar\u00eda con [&hellip;]<\/p>\n","protected":false},"author":6,"featured_media":15929,"comment_status":"open","ping_status":"open","sticky":false,"template":"","format":"standard","meta":{"_monsterinsights_skip_tracking":false,"_monsterinsights_sitenote_active":false,"_monsterinsights_sitenote_note":"","_monsterinsights_sitenote_category":0,"footnotes":""},"categories":[156],"tags":[1493,1576,3332],"class_list":["post-34772","post","type-post","status-publish","format-standard","has-post-thumbnail","hentry","category-estado","tag-1493","tag-conagua","tag-lluvias","wp-image-borders"],"amp_enabled":true,"_links":{"self":[{"href":"https:\/\/nvnoticias.mx\/index.php\/wp-json\/wp\/v2\/posts\/34772","targetHints":{"allow":["GET"]}}],"collection":[{"href":"https:\/\/nvnoticias.mx\/index.php\/wp-json\/wp\/v2\/posts"}],"about":[{"href":"https:\/\/nvnoticias.mx\/index.php\/wp-json\/wp\/v2\/types\/post"}],"author":[{"embeddable":true,"href":"https:\/\/nvnoticias.mx\/index.php\/wp-json\/wp\/v2\/users\/6"}],"replies":[{"embeddable":true,"href":"https:\/\/nvnoticias.mx\/index.php\/wp-json\/wp\/v2\/comments?post=34772"}],"version-history":[{"count":1,"href":"https:\/\/nvnoticias.mx\/index.php\/wp-json\/wp\/v2\/posts\/34772\/revisions"}],"predecessor-version":[{"id":34773,"href":"https:\/\/nvnoticias.mx\/index.php\/wp-json\/wp\/v2\/posts\/34772\/revisions\/34773"}],"wp:featuredmedia":[{"embeddable":true,"href":"https:\/\/nvnoticias.mx\/index.php\/wp-json\/wp\/v2\/media\/15929"}],"wp:attachment":[{"href":"https:\/\/nvnoticias.mx\/index.php\/wp-json\/wp\/v2\/media?parent=34772"}],"wp:term":[{"taxonomy":"category","embeddable":true,"href":"https:\/\/nvnoticias.mx\/index.php\/wp-json\/wp\/v2\/categories?post=34772"},{"taxonomy":"post_tag","embeddable":true,"href":"https:\/\/nvnoticias.mx\/index.php\/wp-json\/wp\/v2\/tags?post=34772"}],"curies":[{"name":"wp","href":"https:\/\/api.w.org\/{rel}","templated":true}]}}