{"id":34761,"date":"2021-12-24T07:04:28","date_gmt":"2021-12-24T13:04:28","guid":{"rendered":"https:\/\/nvnoticias.mx\/?p=34761"},"modified":"2021-12-24T07:04:29","modified_gmt":"2021-12-24T13:04:29","slug":"corte-en-canada-le-niega-liberacion-a-eduardo-leon-trauwitz","status":"publish","type":"post","link":"https:\/\/nvnoticias.mx\/index.php\/2021\/12\/24\/corte-en-canada-le-niega-liberacion-a-eduardo-leon-trauwitz\/","title":{"rendered":"Corte en Canad\u00e1 le niega liberaci\u00f3n a Eduardo Le\u00f3n Trauwitz"},"content":{"rendered":"\n<p>La Corte Suprema de la Provincia de Columbia Brit\u00e1nica, en Canad\u00e1, neg\u00f3 la solicitud de liberaci\u00f3n hecha por Eduardo Le\u00f3n Trauwitz, extitular de la Subdirecci\u00f3n de Salvaguardia Estrat\u00e9gica de Petr\u00f3leos Mexicanos (Pemex).<\/p>\n\n\n\n<blockquote class=\"wp-block-quote is-layout-flow wp-block-quote-is-layout-flow\"><p>\u201cDicho individuo intent\u00f3, a trav\u00e9s de sus abogados, obtener la libertad para llevar su juicio en dicho pa\u00eds\u201d, inform\u00f3 la Fiscal\u00eda General de la Rep\u00fablica (FGR) en un comunicado.<\/p><\/blockquote>\n\n\n\n<p>La jueza Ver\u00f3nica Jackson rechaz\u00f3 la solicitud del militar retirado de seguir su proceso de extradici\u00f3n en libertad, al indicar que existe<strong>&nbsp;un alto riesgo de fuga&nbsp;<\/strong>por parte de Trauwitz, adem\u00e1s de que los delitos presuntamente cometidos por el militar son graves.<\/p>\n\n\n\n<p>Trauwitz, a trav\u00e9s de sus abogados, intent\u00f3 persuadir a la jueza de que los delitos que se le imputan tienen un trasfondo pol\u00edtico, adem\u00e1s de que dejar\u00eda\u00a0<strong>una fianza de 20 mil d\u00f3lares<\/strong>\u00a0y que estar\u00eda permanecer\u00eda en casa de su hija, sin posibilidad de escapar.<\/p>\n\n\n\n<p>La jueza se\u00f1al\u00f3 que el militar mexicano no tiene una residencia habitual en Canad\u00e1 y, por tanto, cuenta con muy pocos lazos que lo unen a la ciudad y el pa\u00eds, lo que conlleva una falta de arraigo y la posibilidad de fuga.<\/p>\n\n\n\n<p>Le reproch\u00f3 tambi\u00e9n el hecho que en vez de enfrentar a la justicia de su pa\u00eds, el militar retirado decidi\u00f3 salir al extranjero justo en las fechas en la que hab\u00eda sido citado a una audiencia de imputaci\u00f3n.<\/p>\n\n\n\n<p>Por ello, el \u00f3rgano de justicia determin\u00f3 que esos elementos eran \u201csuficientes para mantenerlo encarcelado durante su proceso de extradici\u00f3n\u201d.<\/p>\n\n\n\n<p>Trauwitz es acusado en M\u00e9xico por su probable responsabilidad en el delito de robo de combustible o \u2018huachicoleo\u2019 dentro de Pemex.<\/p>\n\n\n\n<p>Fuente: El Financiero<\/p>\n","protected":false},"excerpt":{"rendered":"<p>La Corte Suprema de la Provincia de Columbia Brit\u00e1nica, en Canad\u00e1, neg\u00f3 la solicitud de liberaci\u00f3n hecha por Eduardo Le\u00f3n Trauwitz, extitular de la Subdirecci\u00f3n de Salvaguardia Estrat\u00e9gica de Petr\u00f3leos Mexicanos (Pemex). \u201cDicho individuo intent\u00f3, a trav\u00e9s de sus abogados, obtener la libertad para llevar su juicio en dicho pa\u00eds\u201d, inform\u00f3 la Fiscal\u00eda General de [&hellip;]<\/p>\n","protected":false},"author":6,"featured_media":34762,"comment_status":"open","ping_status":"open","sticky":false,"template":"","format":"standard","meta":{"_monsterinsights_skip_tracking":false,"_monsterinsights_sitenote_active":false,"_monsterinsights_sitenote_note":"","_monsterinsights_sitenote_category":0,"footnotes":""},"categories":[158],"tags":[887,7979],"class_list":["post-34761","post","type-post","status-publish","format-standard","has-post-thumbnail","hentry","category-politica","tag-canada-2","tag-eduardo-leon-trauwitz","wp-image-borders"],"amp_enabled":true,"_links":{"self":[{"href":"https:\/\/nvnoticias.mx\/index.php\/wp-json\/wp\/v2\/posts\/34761","targetHints":{"allow":["GET"]}}],"collection":[{"href":"https:\/\/nvnoticias.mx\/index.php\/wp-json\/wp\/v2\/posts"}],"about":[{"href":"https:\/\/nvnoticias.mx\/index.php\/wp-json\/wp\/v2\/types\/post"}],"author":[{"embeddable":true,"href":"https:\/\/nvnoticias.mx\/index.php\/wp-json\/wp\/v2\/users\/6"}],"replies":[{"embeddable":true,"href":"https:\/\/nvnoticias.mx\/index.php\/wp-json\/wp\/v2\/comments?post=34761"}],"version-history":[{"count":1,"href":"https:\/\/nvnoticias.mx\/index.php\/wp-json\/wp\/v2\/posts\/34761\/revisions"}],"predecessor-version":[{"id":34763,"href":"https:\/\/nvnoticias.mx\/index.php\/wp-json\/wp\/v2\/posts\/34761\/revisions\/34763"}],"wp:featuredmedia":[{"embeddable":true,"href":"https:\/\/nvnoticias.mx\/index.php\/wp-json\/wp\/v2\/media\/34762"}],"wp:attachment":[{"href":"https:\/\/nvnoticias.mx\/index.php\/wp-json\/wp\/v2\/media?parent=34761"}],"wp:term":[{"taxonomy":"category","embeddable":true,"href":"https:\/\/nvnoticias.mx\/index.php\/wp-json\/wp\/v2\/categories?post=34761"},{"taxonomy":"post_tag","embeddable":true,"href":"https:\/\/nvnoticias.mx\/index.php\/wp-json\/wp\/v2\/tags?post=34761"}],"curies":[{"name":"wp","href":"https:\/\/api.w.org\/{rel}","templated":true}]}}