{"id":34718,"date":"2021-12-23T10:30:06","date_gmt":"2021-12-23T16:30:06","guid":{"rendered":"https:\/\/nvnoticias.mx\/?p=34718"},"modified":"2021-12-23T10:30:07","modified_gmt":"2021-12-23T16:30:07","slug":"en-lo-que-va-del-ano-se-han-registrado-15-crimenes-de-odio-en-veracruz","status":"publish","type":"post","link":"https:\/\/nvnoticias.mx\/index.php\/2021\/12\/23\/en-lo-que-va-del-ano-se-han-registrado-15-crimenes-de-odio-en-veracruz\/","title":{"rendered":"En lo que va del a\u00f1o se han registrado 15 cr\u00edmenes de odio en Veracruz"},"content":{"rendered":"\n<p><strong>Sam Ojeda | NV Noticias<\/strong>&nbsp;<\/p>\n\n\n\n<p>Xalapa. &#8211;&nbsp;El presidente de la asociaci\u00f3n Orgullo Xalapa, Leonardo Ruiz Moreno, asegur\u00f3 que Veracruz terminar\u00e1 este a\u00f1o en los primeros lugares de cr\u00edmenes de odio contra la poblaci\u00f3n l\u00e9sbico, gay, bisexual, transexual, intersexual y transg\u00e9nero.&nbsp;<\/p>\n\n\n\n<p>Dijo que hasta el momento se han registrado 15 asesinatos de integrantes de la diversidad sexual, y a pesar de ello la&nbsp;Fiscal\u00eda General&nbsp;de Veracruz (FGE) no ha atendido los casos.&nbsp;&nbsp;<\/p>\n\n\n\n<p>Se\u00f1al\u00f3 que contrario a ello, pareciera que la fiscal general Ver\u00f3nica Hern\u00e1ndez&nbsp;Giadans, est\u00e1 en \u201cuna pasarela de modas\u201d, y no hay esclarecimiento de los homicidios ni castigo para los responsables.&nbsp;<\/p>\n\n\n\n<blockquote class=\"wp-block-quote is-layout-flow wp-block-quote-is-layout-flow\"><p>\u201cEn el a\u00f1o van 15 asesinatos contra miembros de la diversidad sexual y no se les ha dado la importancia que merecen. La\u00a0Fiscal\u00eda General\u00a0est\u00e1 en una pasarela de modas y no le est\u00e1 dando importancia a los delitos como feminicidios y secuestros, menos en el tema de diversidad sexual\u201d.\u00a0<\/p><\/blockquote>\n\n\n\n<p>Consider\u00f3 que esto ha generado que los cr\u00edmenes de odio vayan en incremento en el estado de Veracruz, pues en 2020 se registraron 13 casos.&nbsp;&nbsp;<\/p>\n\n\n\n<blockquote class=\"wp-block-quote is-layout-flow wp-block-quote-is-layout-flow\"><p>\u201cSeguimos siendo el primer lugar a nivel nacional, lamentablemente, lo que pasa es que hay desinformaci\u00f3n sobre los casos, porque dicen que somos personas contra natura. El a\u00f1o pasado fueron entre 12 y 13 cr\u00edmenes, realmente no han bajado los casos\u201d.\u00a0<\/p><\/blockquote>\n","protected":false},"excerpt":{"rendered":"<p>Sam Ojeda | NV Noticias&nbsp; Xalapa. &#8211;&nbsp;El presidente de la asociaci\u00f3n Orgullo Xalapa, Leonardo Ruiz Moreno, asegur\u00f3 que Veracruz terminar\u00e1 este a\u00f1o en los primeros lugares de cr\u00edmenes de odio contra la poblaci\u00f3n l\u00e9sbico, gay, bisexual, transexual, intersexual y transg\u00e9nero.&nbsp; Dijo que hasta el momento se han registrado 15 asesinatos de integrantes de la diversidad [&hellip;]<\/p>\n","protected":false},"author":6,"featured_media":34057,"comment_status":"open","ping_status":"open","sticky":false,"template":"","format":"standard","meta":{"_monsterinsights_skip_tracking":false,"_monsterinsights_sitenote_active":false,"_monsterinsights_sitenote_note":"","_monsterinsights_sitenote_category":0,"footnotes":""},"categories":[156],"tags":[3255,180],"class_list":["post-34718","post","type-post","status-publish","format-standard","has-post-thumbnail","hentry","category-estado","tag-crimenes-de-odio","tag-veracruz","wp-image-borders"],"amp_enabled":true,"_links":{"self":[{"href":"https:\/\/nvnoticias.mx\/index.php\/wp-json\/wp\/v2\/posts\/34718","targetHints":{"allow":["GET"]}}],"collection":[{"href":"https:\/\/nvnoticias.mx\/index.php\/wp-json\/wp\/v2\/posts"}],"about":[{"href":"https:\/\/nvnoticias.mx\/index.php\/wp-json\/wp\/v2\/types\/post"}],"author":[{"embeddable":true,"href":"https:\/\/nvnoticias.mx\/index.php\/wp-json\/wp\/v2\/users\/6"}],"replies":[{"embeddable":true,"href":"https:\/\/nvnoticias.mx\/index.php\/wp-json\/wp\/v2\/comments?post=34718"}],"version-history":[{"count":1,"href":"https:\/\/nvnoticias.mx\/index.php\/wp-json\/wp\/v2\/posts\/34718\/revisions"}],"predecessor-version":[{"id":34720,"href":"https:\/\/nvnoticias.mx\/index.php\/wp-json\/wp\/v2\/posts\/34718\/revisions\/34720"}],"wp:featuredmedia":[{"embeddable":true,"href":"https:\/\/nvnoticias.mx\/index.php\/wp-json\/wp\/v2\/media\/34057"}],"wp:attachment":[{"href":"https:\/\/nvnoticias.mx\/index.php\/wp-json\/wp\/v2\/media?parent=34718"}],"wp:term":[{"taxonomy":"category","embeddable":true,"href":"https:\/\/nvnoticias.mx\/index.php\/wp-json\/wp\/v2\/categories?post=34718"},{"taxonomy":"post_tag","embeddable":true,"href":"https:\/\/nvnoticias.mx\/index.php\/wp-json\/wp\/v2\/tags?post=34718"}],"curies":[{"name":"wp","href":"https:\/\/api.w.org\/{rel}","templated":true}]}}