{"id":34714,"date":"2021-12-23T10:27:43","date_gmt":"2021-12-23T16:27:43","guid":{"rendered":"https:\/\/nvnoticias.mx\/?p=34714"},"modified":"2021-12-23T10:27:44","modified_gmt":"2021-12-23T16:27:44","slug":"2022-recursos-para-atender-igualdad-de-genero-seran-limitados","status":"publish","type":"post","link":"https:\/\/nvnoticias.mx\/index.php\/2021\/12\/23\/2022-recursos-para-atender-igualdad-de-genero-seran-limitados\/","title":{"rendered":"En 2022 los recursos para atender igualdad de g\u00e9nero en Veracruz ser\u00e1n limitados"},"content":{"rendered":"\n<p><strong>Sam Ojeda | NV Noticias<\/strong>&nbsp;<\/p>\n\n\n\n<p>Xalapa. &#8211;&nbsp;Los recursos que se destinar\u00e1n en 2022 para atender la igualdad de gener\u00f3 en Veracruz son limitados y no queda claro c\u00f3mo ser\u00e1n usados, advirti\u00f3 la ex directora del Centro de Estudios para la Igualdad de G\u00e9nero y Derechos Humanos en el Congreso de Veracruz, Martha Mendoza&nbsp;Parissi.&nbsp;<\/p>\n\n\n\n<p>Se\u00f1al\u00f3 que los 33 millones 647 mil 033 pesos previstos para el pr\u00f3ximo a\u00f1o no son suficientes y con ellos es muy probable que las dependencias no puedan cumplir con sus objetivos.&nbsp;&nbsp;<\/p>\n\n\n\n<p>La especialista dijo es evidente que no existe una planeaci\u00f3n o plan general a nivel estatal definido para el trabajo de las unidades de g\u00e9nero.&nbsp;&nbsp;<\/p>\n\n\n\n<p>Lo anterior, toma relevancia especialmente si se toma en cuenta los indicadores planteados como la capacitaci\u00f3n de trabajadores, dar resultados en la transversalizaci\u00f3n de las pol\u00edticas.&nbsp;&nbsp;<\/p>\n\n\n\n<blockquote class=\"wp-block-quote is-layout-flow wp-block-quote-is-layout-flow\"><p>\u201c\u00bfC\u00f3mo van a cumplir con esos indicadores si solamente tienen asignados pocos recursos; si hacemos un an\u00e1lisis entre los indicadores y presupuestos nos damos cuenta que no se observa una planeaci\u00f3n ordenada para las unidades\u201d.\u00a0\u00a0<\/p><\/blockquote>\n\n\n\n<p>Por ello, lament\u00f3 que el tema de impulsar la igualdad de g\u00e9nero no sea una prioridad en el Gobierno del estado.&nbsp;<\/p>\n","protected":false},"excerpt":{"rendered":"<p>Sam Ojeda | NV Noticias&nbsp; Xalapa. &#8211;&nbsp;Los recursos que se destinar\u00e1n en 2022 para atender la igualdad de gener\u00f3 en Veracruz son limitados y no queda claro c\u00f3mo ser\u00e1n usados, advirti\u00f3 la ex directora del Centro de Estudios para la Igualdad de G\u00e9nero y Derechos Humanos en el Congreso de Veracruz, Martha Mendoza&nbsp;Parissi.&nbsp; Se\u00f1al\u00f3 que [&hellip;]<\/p>\n","protected":false},"author":6,"featured_media":34717,"comment_status":"open","ping_status":"open","sticky":false,"template":"","format":"standard","meta":{"_monsterinsights_skip_tracking":false,"_monsterinsights_sitenote_active":false,"_monsterinsights_sitenote_note":"","_monsterinsights_sitenote_category":0,"footnotes":""},"categories":[156],"tags":[2081,180],"class_list":["post-34714","post","type-post","status-publish","format-standard","has-post-thumbnail","hentry","category-estado","tag-igualdad-de-genero","tag-veracruz","wp-image-borders"],"amp_enabled":true,"_links":{"self":[{"href":"https:\/\/nvnoticias.mx\/index.php\/wp-json\/wp\/v2\/posts\/34714","targetHints":{"allow":["GET"]}}],"collection":[{"href":"https:\/\/nvnoticias.mx\/index.php\/wp-json\/wp\/v2\/posts"}],"about":[{"href":"https:\/\/nvnoticias.mx\/index.php\/wp-json\/wp\/v2\/types\/post"}],"author":[{"embeddable":true,"href":"https:\/\/nvnoticias.mx\/index.php\/wp-json\/wp\/v2\/users\/6"}],"replies":[{"embeddable":true,"href":"https:\/\/nvnoticias.mx\/index.php\/wp-json\/wp\/v2\/comments?post=34714"}],"version-history":[{"count":1,"href":"https:\/\/nvnoticias.mx\/index.php\/wp-json\/wp\/v2\/posts\/34714\/revisions"}],"predecessor-version":[{"id":34715,"href":"https:\/\/nvnoticias.mx\/index.php\/wp-json\/wp\/v2\/posts\/34714\/revisions\/34715"}],"wp:featuredmedia":[{"embeddable":true,"href":"https:\/\/nvnoticias.mx\/index.php\/wp-json\/wp\/v2\/media\/34717"}],"wp:attachment":[{"href":"https:\/\/nvnoticias.mx\/index.php\/wp-json\/wp\/v2\/media?parent=34714"}],"wp:term":[{"taxonomy":"category","embeddable":true,"href":"https:\/\/nvnoticias.mx\/index.php\/wp-json\/wp\/v2\/categories?post=34714"},{"taxonomy":"post_tag","embeddable":true,"href":"https:\/\/nvnoticias.mx\/index.php\/wp-json\/wp\/v2\/tags?post=34714"}],"curies":[{"name":"wp","href":"https:\/\/api.w.org\/{rel}","templated":true}]}}