{"id":34608,"date":"2021-12-22T11:33:19","date_gmt":"2021-12-22T17:33:19","guid":{"rendered":"https:\/\/nvnoticias.mx\/?p=34608"},"modified":"2021-12-22T11:52:45","modified_gmt":"2021-12-22T17:52:45","slug":"detienen-a-secretario-tecnico-del-senado-por-delito-de-homicidio","status":"publish","type":"post","link":"https:\/\/nvnoticias.mx\/index.php\/2021\/12\/22\/detienen-a-secretario-tecnico-del-senado-por-delito-de-homicidio\/","title":{"rendered":"Detienen a secretario t\u00e9cnico del Senado por delito de homicidio"},"content":{"rendered":"\n<p><strong>Sam Ojeda | NV Noticias<\/strong>&nbsp;<\/p>\n\n\n\n<p>Xalapa. &#8211;&nbsp;Jos\u00e9 Manuel \u201cN\u201d, actual secretario t\u00e9cnico de la presidencia en el Senado de la Rep\u00fablica, fue detenido por elementos de la&nbsp;Fiscal\u00eda General&nbsp;de Veracruz (FGE).&nbsp;<\/p>\n\n\n\n<p><strong>Se trata de un hombre cercano al presidente de la Junta de Coordinaci\u00f3n Pol\u00edtica en ese poder, Ricardo Monreal \u00c1vila.&nbsp;<\/strong><\/p>\n\n\n\n<p>De acuerdo con la informaci\u00f3n de la Fiscal\u00eda, Jos\u00e9 Manuel \u201cN\u201d est\u00e1 se\u00f1alado por su presunta participaci\u00f3n en la comisi\u00f3n del delito de homicidio doloso calificado en agravio de la v\u00edctima R.T.T., hechos suscitados el pasado 4 de junio del presente a\u00f1o.&nbsp;<\/p>\n\n\n\n<p>Se tratar\u00eda del asesinato de Ren\u00e9 Tovar&nbsp;Tovar, candidato de Movimiento Ciudadano a la presidencia municipal de Cazones, y cuyo asesinato ocurri\u00f3 cuando un grupo de hombres armados dispararon contra \u00e9l dos d\u00edas antes de las elecciones. &nbsp;&nbsp;<\/p>\n\n\n\n<p>El detenido ser\u00e1 presentado en audiencia inicial ante un jue para definir su situaci\u00f3n legal como parte del proceso penal 414\/2021.&nbsp;&nbsp;<\/p>\n\n\n\n<p>Hay que recordar que el funcionario ha sido presidente municipal de Tecolutla y diputado federal en dos ocasiones.&nbsp;<\/p>\n\n\n\n<p>Cabe destacar que Monreal \u00c1vila, amigo del funcionario detenido, ha criticado constantemente el delito de ultrajes a la autoridad que se reform\u00f3 en Veracruz recientemente, y envi\u00f3 un exhorto al Congreso local para la derogaci\u00f3n de este.&nbsp;&nbsp;<\/p>\n\n\n\n<p>Lo anterior, luego de que hizo p\u00fablica la detenci\u00f3n de seis j\u00f3venes en una plaza de Veracruz, a quienes les fincaron este delito a pesar de que no opusieron resistencia a la detenci\u00f3n y aunque lograron salir de prisi\u00f3n tras el pago de una fianza, tanto Monreal \u00c1vila como el gobernador Cuitl\u00e1huac Garc\u00eda se enfrascaron en una lucha de declaraciones.&nbsp;&nbsp;<\/p>\n\n\n\n<p>Esto debido a que el gobernador acus\u00f3 a Morena \u00c1vila de ser defensor de delincuentes y en cambio, el senador se\u00f1al\u00f3 al Gobernador de concentrar el poder y estar cercano a la tiran\u00eda.&nbsp;<\/p>\n","protected":false},"excerpt":{"rendered":"<p>Sam Ojeda | NV Noticias&nbsp; Xalapa. &#8211;&nbsp;Jos\u00e9 Manuel \u201cN\u201d, actual secretario t\u00e9cnico de la presidencia en el Senado de la Rep\u00fablica, fue detenido por elementos de la&nbsp;Fiscal\u00eda General&nbsp;de Veracruz (FGE).&nbsp; Se trata de un hombre cercano al presidente de la Junta de Coordinaci\u00f3n Pol\u00edtica en ese poder, Ricardo Monreal \u00c1vila.&nbsp; De acuerdo con la informaci\u00f3n [&hellip;]<\/p>\n","protected":false},"author":6,"featured_media":34619,"comment_status":"open","ping_status":"open","sticky":false,"template":"","format":"standard","meta":{"_monsterinsights_skip_tracking":false,"_monsterinsights_sitenote_active":false,"_monsterinsights_sitenote_note":"","_monsterinsights_sitenote_category":0,"footnotes":""},"categories":[156],"tags":[1957,162,369],"class_list":["post-34608","post","type-post","status-publish","format-standard","has-post-thumbnail","hentry","category-estado","tag-detenido","tag-portada","tag-senado","wp-image-borders"],"amp_enabled":true,"_links":{"self":[{"href":"https:\/\/nvnoticias.mx\/index.php\/wp-json\/wp\/v2\/posts\/34608","targetHints":{"allow":["GET"]}}],"collection":[{"href":"https:\/\/nvnoticias.mx\/index.php\/wp-json\/wp\/v2\/posts"}],"about":[{"href":"https:\/\/nvnoticias.mx\/index.php\/wp-json\/wp\/v2\/types\/post"}],"author":[{"embeddable":true,"href":"https:\/\/nvnoticias.mx\/index.php\/wp-json\/wp\/v2\/users\/6"}],"replies":[{"embeddable":true,"href":"https:\/\/nvnoticias.mx\/index.php\/wp-json\/wp\/v2\/comments?post=34608"}],"version-history":[{"count":2,"href":"https:\/\/nvnoticias.mx\/index.php\/wp-json\/wp\/v2\/posts\/34608\/revisions"}],"predecessor-version":[{"id":34620,"href":"https:\/\/nvnoticias.mx\/index.php\/wp-json\/wp\/v2\/posts\/34608\/revisions\/34620"}],"wp:featuredmedia":[{"embeddable":true,"href":"https:\/\/nvnoticias.mx\/index.php\/wp-json\/wp\/v2\/media\/34619"}],"wp:attachment":[{"href":"https:\/\/nvnoticias.mx\/index.php\/wp-json\/wp\/v2\/media?parent=34608"}],"wp:term":[{"taxonomy":"category","embeddable":true,"href":"https:\/\/nvnoticias.mx\/index.php\/wp-json\/wp\/v2\/categories?post=34608"},{"taxonomy":"post_tag","embeddable":true,"href":"https:\/\/nvnoticias.mx\/index.php\/wp-json\/wp\/v2\/tags?post=34608"}],"curies":[{"name":"wp","href":"https:\/\/api.w.org\/{rel}","templated":true}]}}