{"id":34551,"date":"2021-12-21T11:46:16","date_gmt":"2021-12-21T17:46:16","guid":{"rendered":"https:\/\/nvnoticias.mx\/?p=34551"},"modified":"2021-12-21T11:46:16","modified_gmt":"2021-12-21T17:46:16","slug":"recursos-de-recorte-a-partidos-politicos-seria-usado-en-obras-y-becas","status":"publish","type":"post","link":"https:\/\/nvnoticias.mx\/index.php\/2021\/12\/21\/recursos-de-recorte-a-partidos-politicos-seria-usado-en-obras-y-becas\/","title":{"rendered":"Recursos de recorte a partidos pol\u00edticos ser\u00eda usado en obras y becas"},"content":{"rendered":"\n<p><strong>Sam Ojeda | NV Noticias<\/strong>&nbsp;<\/p>\n\n\n\n<p>Xalapa. &#8211;&nbsp;El gobernador de Veracruz, Cuitl\u00e1huac Garc\u00eda Jim\u00e9nez pretende invertir el recurso de los 176.2 millones de pesos que se recortaron a las prerrogativas de partidos pol\u00edticos para el 2022 en becas de tipo universal para personas con discapacidad, obras de infraestructura o apoyos al DIF.&nbsp;<\/p>\n\n\n\n<p>Acus\u00f3 que quienes critican el recorte aprobado la semana pasada en el Congreso de Veracruz, son las c\u00fapulas partidistas que quieren seguir con presupuestos altos que paga la ciudadan\u00eda.&nbsp;&nbsp;<\/p>\n\n\n\n<blockquote class=\"wp-block-quote is-layout-flow wp-block-quote-is-layout-flow\"><p>\u201cSi alguien opina que hay que gastar m\u00e1s de 100 millones de pesos en las c\u00fapulas partidistas, yo difiero; son m\u00e1s de 100 millones de pesos, que la gente lo sepa, que hay c\u00fapulas partidistas que quieren vivir de ese dinero y luego nos piden obra esos mismos representantes partidistas, pero no quieren quitarse esas prerrogativas cuando se puede realizar la funci\u00f3n partidista con el recurso que se les est\u00e1 dando\u201d.\u00a0<\/p><\/blockquote>\n\n\n\n<p>&nbsp;Por ello, asegur\u00f3 que el ahorro se usar\u00e1 en obras de&nbsp;infraestructura, y&nbsp;que su Gobierno firm\u00f3 un convenio con el gobierno federal en el que se establece que ayudar\u00e1n a otorgar becas universales a personas con discapacidades, dado que actualmente solo se otorgan a menores de 30 a\u00f1os de edad, y que ese recurso se podr\u00eda usar para ello.&nbsp;&nbsp;<\/p>\n\n\n\n<blockquote class=\"wp-block-quote is-layout-flow wp-block-quote-is-layout-flow\"><p>\u201c\u00bfQu\u00e9 prefieren, que el dinero siga en manos de las c\u00fapulas partidistas que se lo gastan en qui\u00e9n sabe qu\u00e9 o que vayan al apoyo a los discapacitados? Ser\u00e1 universal para todos, ya que actualmente es para menores de 30 a\u00f1os. De una vez hacemos el compromiso, que esa ser\u00e1 la cantidad que vamos a aportar a la Federaci\u00f3n. Est\u00e1 por firmarse el convenio, se firm\u00f3 el convenio macro, Veracruz fue de los firmantes. Como ven no es cualquier cosa, son 100 millones de pesos y puntualizo que no se les est\u00e1 quitando el dinero a los partidos, s\u00ed se les\u00a0da\u00a0pero no en esas grandes cantidades, no puede ser\u201d.\u00a0\u00a0<\/p><\/blockquote>\n\n\n\n<p>En otro tema, exhort\u00f3 al Instituto Nacional Electoral (INE) para \u201cque no ignore la opini\u00f3n de los veracruzanos\u201d que emitieron 847 mil 448 firmas de apoyo para la realizaci\u00f3n de la consulta sobre la revocaci\u00f3n de mandato, luego de que el INE ha dicho que podr\u00eda postergarse.&nbsp;&nbsp;<\/p>\n\n\n\n<blockquote class=\"wp-block-quote is-layout-flow wp-block-quote-is-layout-flow\"><p>\u201cSi para repartir prerrogativas toma en cuenta un partido que llega a tener 200 mil votos, por qu\u00e9 no dar la oportunidad a la ciudadan\u00eda que se pronuncie sobre la revocaci\u00f3n de mandato. Por qu\u00e9 pretextar tantas cosas para no realizarla, si acaba de repartir m\u00e1s de 5 mil millones de pesos entre los partidos pol\u00edticos, cientos de millones en salarios de los consejeros, estamos hablando de perfeccionar nuestra democracia\u201d.\u00a0<\/p><\/blockquote>\n","protected":false},"excerpt":{"rendered":"<p>Sam Ojeda | NV Noticias&nbsp; Xalapa. &#8211;&nbsp;El gobernador de Veracruz, Cuitl\u00e1huac Garc\u00eda Jim\u00e9nez pretende invertir el recurso de los 176.2 millones de pesos que se recortaron a las prerrogativas de partidos pol\u00edticos para el 2022 en becas de tipo universal para personas con discapacidad, obras de infraestructura o apoyos al DIF.&nbsp; Acus\u00f3 que quienes critican [&hellip;]<\/p>\n","protected":false},"author":6,"featured_media":30878,"comment_status":"open","ping_status":"open","sticky":false,"template":"","format":"standard","meta":{"_monsterinsights_skip_tracking":false,"_monsterinsights_sitenote_active":false,"_monsterinsights_sitenote_note":"","_monsterinsights_sitenote_category":0,"footnotes":""},"categories":[156],"tags":[2609,334,3219,162],"class_list":["post-34551","post","type-post","status-publish","format-standard","has-post-thumbnail","hentry","category-estado","tag-becas","tag-obras","tag-partidos-politicos","tag-portada","wp-image-borders"],"amp_enabled":true,"_links":{"self":[{"href":"https:\/\/nvnoticias.mx\/index.php\/wp-json\/wp\/v2\/posts\/34551","targetHints":{"allow":["GET"]}}],"collection":[{"href":"https:\/\/nvnoticias.mx\/index.php\/wp-json\/wp\/v2\/posts"}],"about":[{"href":"https:\/\/nvnoticias.mx\/index.php\/wp-json\/wp\/v2\/types\/post"}],"author":[{"embeddable":true,"href":"https:\/\/nvnoticias.mx\/index.php\/wp-json\/wp\/v2\/users\/6"}],"replies":[{"embeddable":true,"href":"https:\/\/nvnoticias.mx\/index.php\/wp-json\/wp\/v2\/comments?post=34551"}],"version-history":[{"count":1,"href":"https:\/\/nvnoticias.mx\/index.php\/wp-json\/wp\/v2\/posts\/34551\/revisions"}],"predecessor-version":[{"id":34552,"href":"https:\/\/nvnoticias.mx\/index.php\/wp-json\/wp\/v2\/posts\/34551\/revisions\/34552"}],"wp:featuredmedia":[{"embeddable":true,"href":"https:\/\/nvnoticias.mx\/index.php\/wp-json\/wp\/v2\/media\/30878"}],"wp:attachment":[{"href":"https:\/\/nvnoticias.mx\/index.php\/wp-json\/wp\/v2\/media?parent=34551"}],"wp:term":[{"taxonomy":"category","embeddable":true,"href":"https:\/\/nvnoticias.mx\/index.php\/wp-json\/wp\/v2\/categories?post=34551"},{"taxonomy":"post_tag","embeddable":true,"href":"https:\/\/nvnoticias.mx\/index.php\/wp-json\/wp\/v2\/tags?post=34551"}],"curies":[{"name":"wp","href":"https:\/\/api.w.org\/{rel}","templated":true}]}}