{"id":34541,"date":"2021-12-21T11:44:25","date_gmt":"2021-12-21T17:44:25","guid":{"rendered":"https:\/\/nvnoticias.mx\/?p=34541"},"modified":"2021-12-21T11:44:26","modified_gmt":"2021-12-21T17:44:26","slug":"placas-vehiculares-de-2011-deberan-ser-actualizadas","status":"publish","type":"post","link":"https:\/\/nvnoticias.mx\/index.php\/2021\/12\/21\/placas-vehiculares-de-2011-deberan-ser-actualizadas\/","title":{"rendered":"Placas vehiculares de 2011 deber\u00e1n ser actualizadas"},"content":{"rendered":"\n<p><strong>Sam Ojeda | NV Noticias<\/strong>&nbsp;<\/p>\n\n\n\n<p>Xalapa. &#8211;&nbsp;El secretario de Finanzas y Planeaci\u00f3n, Jos\u00e9 Luis Lima Franco, dio a conocer que a partir de enero las placas vehiculares con el dise\u00f1o de 2011 quedar\u00e1n eliminadas.&nbsp;<\/p>\n\n\n\n<p>Por ello es que quienes tengan esa placa deber\u00e1n actualizarla y el costo ser\u00e1 de mil 311\u00a0pesos,\u00a0pero habr\u00e1 casos en los que la actualizaci\u00f3n sea gratuita.\u00a0<\/p>\n\n\n\n<p>Dijo que esto se debe a que la norma de la Secretar\u00eda de Comunicaciones y Transportes (SCT) establece que en un estado s\u00f3lo pueden circular dos tipos de placas como m\u00e1ximo y actualmente en Veracruz son tres: el dise\u00f1o de 2011, 2017 y 2019.\u00a0\u00a0<\/p>\n\n\n\n<p>Para quienes van al corriente ser\u00e1 necesario cubrir el pago del derecho vehicular correspondiente al 2022 as\u00ed como su \u00faltima verificaci\u00f3n vehicular.&nbsp;<\/p>\n\n\n\n<blockquote class=\"wp-block-quote is-layout-flow wp-block-quote-is-layout-flow\"><p>\u201cQuienes tienen su placa actualizada no deber\u00e1n hacer ning\u00fan tr\u00e1mite adicional a los pagos normales de cada a\u00f1o\u201d dijo.\u00a0<\/p><\/blockquote>\n\n\n\n<p>En el segundo supuesto se eliminar\u00e1n los adeudos por concepto de las tenencia, recargos, multas y actualizaciones para quienes tienen placas del 2011 y 2017.&nbsp;<\/p>\n\n\n\n<p>Se dar\u00e1 la oportunidad de regularizaci\u00f3n en la que se requerir\u00e1 su \u00faltima verificaci\u00f3n vehicular vigente, el paso de derechos adeudados y el pago de la placa con costo de mil 311 pesos.&nbsp;&nbsp;<\/p>\n\n\n\n<p>Cabe destacar que este programa estar\u00e1 vigente durante el primer semestre del a\u00f1o; es decir, dos meses m\u00e1s que en a\u00f1os anteriores.&nbsp;&nbsp;<\/p>\n","protected":false},"excerpt":{"rendered":"<p>Sam Ojeda | NV Noticias&nbsp; Xalapa. &#8211;&nbsp;El secretario de Finanzas y Planeaci\u00f3n, Jos\u00e9 Luis Lima Franco, dio a conocer que a partir de enero las placas vehiculares con el dise\u00f1o de 2011 quedar\u00e1n eliminadas.&nbsp; Por ello es que quienes tengan esa placa deber\u00e1n actualizarla y el costo ser\u00e1 de mil 311\u00a0pesos,\u00a0pero habr\u00e1 casos en los [&hellip;]<\/p>\n","protected":false},"author":6,"featured_media":34549,"comment_status":"open","ping_status":"open","sticky":false,"template":"","format":"standard","meta":{"_monsterinsights_skip_tracking":false,"_monsterinsights_sitenote_active":false,"_monsterinsights_sitenote_note":"","_monsterinsights_sitenote_category":0,"footnotes":""},"categories":[156],"tags":[8089],"class_list":["post-34541","post","type-post","status-publish","format-standard","has-post-thumbnail","hentry","category-estado","tag-placas-vehiculares","wp-image-borders"],"amp_enabled":true,"_links":{"self":[{"href":"https:\/\/nvnoticias.mx\/index.php\/wp-json\/wp\/v2\/posts\/34541","targetHints":{"allow":["GET"]}}],"collection":[{"href":"https:\/\/nvnoticias.mx\/index.php\/wp-json\/wp\/v2\/posts"}],"about":[{"href":"https:\/\/nvnoticias.mx\/index.php\/wp-json\/wp\/v2\/types\/post"}],"author":[{"embeddable":true,"href":"https:\/\/nvnoticias.mx\/index.php\/wp-json\/wp\/v2\/users\/6"}],"replies":[{"embeddable":true,"href":"https:\/\/nvnoticias.mx\/index.php\/wp-json\/wp\/v2\/comments?post=34541"}],"version-history":[{"count":1,"href":"https:\/\/nvnoticias.mx\/index.php\/wp-json\/wp\/v2\/posts\/34541\/revisions"}],"predecessor-version":[{"id":34550,"href":"https:\/\/nvnoticias.mx\/index.php\/wp-json\/wp\/v2\/posts\/34541\/revisions\/34550"}],"wp:featuredmedia":[{"embeddable":true,"href":"https:\/\/nvnoticias.mx\/index.php\/wp-json\/wp\/v2\/media\/34549"}],"wp:attachment":[{"href":"https:\/\/nvnoticias.mx\/index.php\/wp-json\/wp\/v2\/media?parent=34541"}],"wp:term":[{"taxonomy":"category","embeddable":true,"href":"https:\/\/nvnoticias.mx\/index.php\/wp-json\/wp\/v2\/categories?post=34541"},{"taxonomy":"post_tag","embeddable":true,"href":"https:\/\/nvnoticias.mx\/index.php\/wp-json\/wp\/v2\/tags?post=34541"}],"curies":[{"name":"wp","href":"https:\/\/api.w.org\/{rel}","templated":true}]}}