{"id":34479,"date":"2021-12-20T20:21:03","date_gmt":"2021-12-21T02:21:03","guid":{"rendered":"https:\/\/nvnoticias.mx\/?p=34479"},"modified":"2021-12-20T20:21:04","modified_gmt":"2021-12-21T02:21:04","slug":"tras-la-confirmacion-de-su-triunfo-paty-lobeira-hace-un-llamado-a-la-unidad-y-a-sumar-voluntades","status":"publish","type":"post","link":"https:\/\/nvnoticias.mx\/index.php\/2021\/12\/20\/tras-la-confirmacion-de-su-triunfo-paty-lobeira-hace-un-llamado-a-la-unidad-y-a-sumar-voluntades\/","title":{"rendered":"Tras la confirmaci\u00f3n de su triunfo, Paty Lobeira hace un llamado a la unidad y a sumar voluntades"},"content":{"rendered":"\n<p>En un mensaje a los veracruzanos, tras la confirmaci\u00f3n de su triunfo, la Alcaldesa electa del Puerto de Veracruz, Patricia Lobeira de Yunes, hace un llamado a la unidad, a sumar voluntades y fuerza para lograr el objetivo de hacer de la ciudad un mejor lugar para vivir.<\/p>\n\n\n\n<p>Luego de que este lunes los magistrados de la Sala Regional del Tribunal Electoral Federal determinaron por unanimidad que fue legalmente electa y por lo tanto tomara posesi\u00f3n como Presidenta Municipal, Paty Lobeira reconoci\u00f3 el que hayan respetado el voto de m\u00e1s de 100 mil veracruzanos. <\/p>\n\n\n\n<blockquote class=\"wp-block-quote is-layout-flow wp-block-quote-is-layout-flow\"><p>\u201cSu honorabilidad y profesionalismo se ha confirmado el d\u00eda de hoy\u201d, afirm\u00f3.<\/p><\/blockquote>\n\n\n\n<p>La Alcaldesa electa agradeci\u00f3 a todas las personas que han confiado en ella. \u201cDecirles que tengo con todos el compromiso de hacer el mejor gobierno en la historia del Puerto de Veracruz y responder as\u00ed a su confianza\u201d.<\/p>\n\n\n\n<p>Asimismo hizo extensivo su agradecimiento a los militantes y dirigentes del PAN, PRI y PRD por su apoyo.<\/p>\n\n\n\n<p>Hizo un llamado a quienes contendieron por el mismo cargo, y quienes lo apoyaron, a que se sumen al trabajo que desarrollar\u00e1. <\/p>\n\n\n\n<blockquote class=\"wp-block-quote is-layout-flow wp-block-quote-is-layout-flow\"><p>\u201cQuiero gobernar en concordia, con base en el di\u00e1logo y la conciliaci\u00f3n, Veracruz lo merece\u201d, afirm\u00f3.<\/p><\/blockquote>\n\n\n\n<p>Paty Lobeira hizo la invitaci\u00f3n al Gobernador del Estado a que acuda a su toma de posesi\u00f3n y a sumar esfuerzos para llevar a la realidad los prop\u00f3sitos de los veracruzanos. \u201c\u00c9sta, es una de las ciudades m\u00e1s importantes de M\u00e9xico y la m\u00e1s importante de Veracruz, por ello, no puede, no debe, el Gobierno del Estado, mantenerse ausente como hasta hoy\u201d, se\u00f1al\u00f3.<\/p>\n\n\n\n<p>Dijo que igualmente, a partir de enero, solicitar\u00e1 una cita al Presidente de la Rep\u00fablica para plantear un esfuerzo en com\u00fan en beneficio de los veracruzanos.<\/p>\n\n\n\n<p>Tambi\u00e9n reconoci\u00f3 la labor de Miguel \u00c1ngel Yunes M\u00e1rquez. <\/p>\n\n\n\n<blockquote class=\"wp-block-quote is-layout-flow wp-block-quote-is-layout-flow\"><p>\u201cMi esposo, ha sido fundamental en esta lucha, su apoyo seguir\u00e1 siendo muy importante y s\u00e9 que lo tendr\u00e9\u201d.<\/p><\/blockquote>\n\n\n\n<p>Por \u00faltimo reiter\u00f3 su agradecimiento a los veracruzanos que confiaron en ella a trav\u00e9s de su voto. <\/p>\n\n\n\n<blockquote class=\"wp-block-quote is-layout-flow wp-block-quote-is-layout-flow\"><p>\u201cMuchas gracias a todos, son fechas de amor, unidad y concordia; les doy un abrazo a todos y todas y les deseo lo mejor. \u00a1Vienen buenos tiempos para Veracruz! \u00a1La lucha sigue!\u201d, concluy\u00f3.<\/p><\/blockquote>\n","protected":false},"excerpt":{"rendered":"<p>En un mensaje a los veracruzanos, tras la confirmaci\u00f3n de su triunfo, la Alcaldesa electa del Puerto de Veracruz, Patricia Lobeira de Yunes, hace un llamado a la unidad, a sumar voluntades y fuerza para lograr el objetivo de hacer de la ciudad un mejor lugar para vivir. Luego de que este lunes los magistrados [&hellip;]<\/p>\n","protected":false},"author":7,"featured_media":34480,"comment_status":"open","ping_status":"open","sticky":false,"template":"","format":"standard","meta":{"_monsterinsights_skip_tracking":false,"_monsterinsights_sitenote_active":false,"_monsterinsights_sitenote_note":"","_monsterinsights_sitenote_category":0,"footnotes":""},"categories":[158],"tags":[7767,7693,162,180],"class_list":["post-34479","post","type-post","status-publish","format-standard","has-post-thumbnail","hentry","category-politica","tag-alcaldesa-electa","tag-paty-lobeira","tag-portada","tag-veracruz","wp-image-borders"],"amp_enabled":true,"_links":{"self":[{"href":"https:\/\/nvnoticias.mx\/index.php\/wp-json\/wp\/v2\/posts\/34479","targetHints":{"allow":["GET"]}}],"collection":[{"href":"https:\/\/nvnoticias.mx\/index.php\/wp-json\/wp\/v2\/posts"}],"about":[{"href":"https:\/\/nvnoticias.mx\/index.php\/wp-json\/wp\/v2\/types\/post"}],"author":[{"embeddable":true,"href":"https:\/\/nvnoticias.mx\/index.php\/wp-json\/wp\/v2\/users\/7"}],"replies":[{"embeddable":true,"href":"https:\/\/nvnoticias.mx\/index.php\/wp-json\/wp\/v2\/comments?post=34479"}],"version-history":[{"count":1,"href":"https:\/\/nvnoticias.mx\/index.php\/wp-json\/wp\/v2\/posts\/34479\/revisions"}],"predecessor-version":[{"id":34481,"href":"https:\/\/nvnoticias.mx\/index.php\/wp-json\/wp\/v2\/posts\/34479\/revisions\/34481"}],"wp:featuredmedia":[{"embeddable":true,"href":"https:\/\/nvnoticias.mx\/index.php\/wp-json\/wp\/v2\/media\/34480"}],"wp:attachment":[{"href":"https:\/\/nvnoticias.mx\/index.php\/wp-json\/wp\/v2\/media?parent=34479"}],"wp:term":[{"taxonomy":"category","embeddable":true,"href":"https:\/\/nvnoticias.mx\/index.php\/wp-json\/wp\/v2\/categories?post=34479"},{"taxonomy":"post_tag","embeddable":true,"href":"https:\/\/nvnoticias.mx\/index.php\/wp-json\/wp\/v2\/tags?post=34479"}],"curies":[{"name":"wp","href":"https:\/\/api.w.org\/{rel}","templated":true}]}}