{"id":34477,"date":"2021-12-20T20:09:05","date_gmt":"2021-12-21T02:09:05","guid":{"rendered":"https:\/\/nvnoticias.mx\/?p=34477"},"modified":"2021-12-20T20:09:06","modified_gmt":"2021-12-21T02:09:06","slug":"cndh-revela-decesos-de-internos-en-penales-de-veracruz-por-covid-19","status":"publish","type":"post","link":"https:\/\/nvnoticias.mx\/index.php\/2021\/12\/20\/cndh-revela-decesos-de-internos-en-penales-de-veracruz-por-covid-19\/","title":{"rendered":"CNDH revela decesos de internos en penales de Veracruz por covid-19"},"content":{"rendered":"\n<p><strong>Sam Ojeda\u00a0| NV Noticias<\/strong><\/p>\n\n\n\n<p>Xalapa.- Durante la pandemia por covid-19 en Veracruz han fallecido 29 internos de Centros de Readaptaci\u00f3n Social (Ceresos) a causa de esta enfermedad, confirm\u00f3 la Comisi\u00f3n Nacional de Derechos Humanos (CNDH).\u00a0<\/p>\n\n\n\n<p>Con esa cifra, el estado de Veracruz es el quinto lugar a nivel nacional entre los estados con mayor n\u00famero de fallecimientos entre internos de penales a causa del covid-19.<\/p>\n\n\n\n<p>De los 29 decesos, al menos dos habr\u00edan ocurrido al interior del Centro Federal de Readaptaci\u00f3n Social (Cefereso) de Villa Aldama.\u00a0<\/p>\n\n\n\n<p>Cabe destacar que de manera general, en Veracruz se han registrado 44 casos confirmados de covid-19, con lo cual el estado se ubica en el lugar 22.\u00a0<\/p>\n\n\n\n<p>De manera general, en Veracruz se han aplicado 8 mil 351 dosis de vacunas contra la enfermedad causada por el virus SARS-CoV2.<\/p>\n\n\n\n<p>A nivel nacional, se han registrado 4 mil 612 casos confirmados de covid-19 entre internos en penales, as\u00ed como 325 defunciones y se han aplicado 197 mil 256 dosis de la vacuna.\u00a0<\/p>\n\n\n\n<p>Cabe destacar que en los primeros sitios en cuanto a casos confirmados se encuentra la ciudad de M\u00e9xico con mil 913, le sigue Puebla con 438, Chihuahua con 338, Estado de M\u00e9xico con 178 y Sonora con 159.\u00a0<\/p>\n","protected":false},"excerpt":{"rendered":"<p>Sam Ojeda\u00a0| NV Noticias Xalapa.- Durante la pandemia por covid-19 en Veracruz han fallecido 29 internos de Centros de Readaptaci\u00f3n Social (Ceresos) a causa de esta enfermedad, confirm\u00f3 la Comisi\u00f3n Nacional de Derechos Humanos (CNDH).\u00a0 Con esa cifra, el estado de Veracruz es el quinto lugar a nivel nacional entre los estados con mayor n\u00famero [&hellip;]<\/p>\n","protected":false},"author":7,"featured_media":11737,"comment_status":"open","ping_status":"open","sticky":false,"template":"","format":"standard","meta":{"_monsterinsights_skip_tracking":false,"_monsterinsights_sitenote_active":false,"_monsterinsights_sitenote_note":"","_monsterinsights_sitenote_category":0,"footnotes":""},"categories":[156],"tags":[2669,175,1669,3430],"class_list":["post-34477","post","type-post","status-publish","format-standard","has-post-thumbnail","hentry","category-estado","tag-cndh","tag-covid-19","tag-decesos","tag-penales","wp-image-borders"],"amp_enabled":true,"_links":{"self":[{"href":"https:\/\/nvnoticias.mx\/index.php\/wp-json\/wp\/v2\/posts\/34477","targetHints":{"allow":["GET"]}}],"collection":[{"href":"https:\/\/nvnoticias.mx\/index.php\/wp-json\/wp\/v2\/posts"}],"about":[{"href":"https:\/\/nvnoticias.mx\/index.php\/wp-json\/wp\/v2\/types\/post"}],"author":[{"embeddable":true,"href":"https:\/\/nvnoticias.mx\/index.php\/wp-json\/wp\/v2\/users\/7"}],"replies":[{"embeddable":true,"href":"https:\/\/nvnoticias.mx\/index.php\/wp-json\/wp\/v2\/comments?post=34477"}],"version-history":[{"count":1,"href":"https:\/\/nvnoticias.mx\/index.php\/wp-json\/wp\/v2\/posts\/34477\/revisions"}],"predecessor-version":[{"id":34478,"href":"https:\/\/nvnoticias.mx\/index.php\/wp-json\/wp\/v2\/posts\/34477\/revisions\/34478"}],"wp:featuredmedia":[{"embeddable":true,"href":"https:\/\/nvnoticias.mx\/index.php\/wp-json\/wp\/v2\/media\/11737"}],"wp:attachment":[{"href":"https:\/\/nvnoticias.mx\/index.php\/wp-json\/wp\/v2\/media?parent=34477"}],"wp:term":[{"taxonomy":"category","embeddable":true,"href":"https:\/\/nvnoticias.mx\/index.php\/wp-json\/wp\/v2\/categories?post=34477"},{"taxonomy":"post_tag","embeddable":true,"href":"https:\/\/nvnoticias.mx\/index.php\/wp-json\/wp\/v2\/tags?post=34477"}],"curies":[{"name":"wp","href":"https:\/\/api.w.org\/{rel}","templated":true}]}}