{"id":34393,"date":"2021-12-19T21:10:13","date_gmt":"2021-12-20T03:10:13","guid":{"rendered":"https:\/\/nvnoticias.mx\/?p=34393"},"modified":"2021-12-19T21:11:14","modified_gmt":"2021-12-20T03:11:14","slug":"se-proclama-ganador-federico-salomon-rumbo-al-comite-estatal-del-pan","status":"publish","type":"post","link":"https:\/\/nvnoticias.mx\/index.php\/2021\/12\/19\/se-proclama-ganador-federico-salomon-rumbo-al-comite-estatal-del-pan\/","title":{"rendered":"Se proclama ganador Federico Salom\u00f3n rumbo al Comit\u00e9 Estatal del PAN"},"content":{"rendered":"\n<p><strong>Jes\u00fas Utrilla | NV Noticias<\/strong><\/p>\n\n\n\n<p>Federico Salom\u00f3n, aspirante a dirigir al Comit\u00e9 Estatal del PAN, se declar\u00f3 ganador de la contienda interna del domingo.<\/p>\n\n\n\n<p>Desde Boca Del R\u00edo afirm\u00f3 que obtuvo mil 46 votos de m\u00e1s, respecto a Joaqu\u00edn Guzm\u00e1n Avil\u00e9s.<\/p>\n\n\n\n<p>Explic\u00f3 que Guzm\u00e1n Avil\u00e9s obtuvo 8 mil 637 votos mientras que \u00e9l obtuvo 9 mil 683 votos.<\/p>\n\n\n\n<p>Fue m\u00e1s all\u00e1 al se\u00f1alar que en los distritos locales gan\u00f3 24 de 30, adem\u00e1s en los centros de votaci\u00f3n logr\u00f3 la mayor\u00eda en 104 contra 77.<\/p>\n\n\n\n<blockquote class=\"wp-block-quote is-layout-flow wp-block-quote-is-layout-flow\"><p>\u201cLos datos nos arrojan una diferencia contundente de mil 46 votos. Podemos anunciar este triunfo con toda certeza y responsabilidad, estamos orgullosos de este nuevo rumbo que los panistas han decidido en las urnas, tenemos que reconstruir el partido y estaremos en condiciones para que en el 2024 Veracruz vuelva a ganar con el PAN\u201d.<\/p><\/blockquote>\n\n\n\n<p>En rueda de prensa y acompa\u00f1ado de la senadora con licencia, Indira Rosales San Rom\u00e1n, asegur\u00f3 que con la informaci\u00f3n del 100 por ciento de las casillas, su victoria es irreversible.<\/p>\n\n\n\n<p>Cabe mencionar que Guzm\u00e1n Avil\u00e9s se declar\u00f3 ganador mediante un video que transmiti\u00f3 en su facebook.<\/p>\n\n\n\n<p>Aunque no dio a conocer la cantidad de votos que obtuvo en la elecci\u00f3n interna.<\/p>\n","protected":false},"excerpt":{"rendered":"<p>Jes\u00fas Utrilla | NV Noticias Federico Salom\u00f3n, aspirante a dirigir al Comit\u00e9 Estatal del PAN, se declar\u00f3 ganador de la contienda interna del domingo. Desde Boca Del R\u00edo afirm\u00f3 que obtuvo mil 46 votos de m\u00e1s, respecto a Joaqu\u00edn Guzm\u00e1n Avil\u00e9s. Explic\u00f3 que Guzm\u00e1n Avil\u00e9s obtuvo 8 mil 637 votos mientras que \u00e9l obtuvo 9 [&hellip;]<\/p>\n","protected":false},"author":7,"featured_media":34394,"comment_status":"open","ping_status":"open","sticky":false,"template":"","format":"standard","meta":{"_monsterinsights_skip_tracking":false,"_monsterinsights_sitenote_active":false,"_monsterinsights_sitenote_note":"","_monsterinsights_sitenote_category":0,"footnotes":""},"categories":[158],"tags":[8048,284,708,162],"class_list":["post-34393","post","type-post","status-publish","format-standard","has-post-thumbnail","hentry","category-politica","tag-federico-salomon","tag-pan","tag-partido-accion-nacional","tag-portada","wp-image-borders"],"amp_enabled":true,"_links":{"self":[{"href":"https:\/\/nvnoticias.mx\/index.php\/wp-json\/wp\/v2\/posts\/34393","targetHints":{"allow":["GET"]}}],"collection":[{"href":"https:\/\/nvnoticias.mx\/index.php\/wp-json\/wp\/v2\/posts"}],"about":[{"href":"https:\/\/nvnoticias.mx\/index.php\/wp-json\/wp\/v2\/types\/post"}],"author":[{"embeddable":true,"href":"https:\/\/nvnoticias.mx\/index.php\/wp-json\/wp\/v2\/users\/7"}],"replies":[{"embeddable":true,"href":"https:\/\/nvnoticias.mx\/index.php\/wp-json\/wp\/v2\/comments?post=34393"}],"version-history":[{"count":2,"href":"https:\/\/nvnoticias.mx\/index.php\/wp-json\/wp\/v2\/posts\/34393\/revisions"}],"predecessor-version":[{"id":34396,"href":"https:\/\/nvnoticias.mx\/index.php\/wp-json\/wp\/v2\/posts\/34393\/revisions\/34396"}],"wp:featuredmedia":[{"embeddable":true,"href":"https:\/\/nvnoticias.mx\/index.php\/wp-json\/wp\/v2\/media\/34394"}],"wp:attachment":[{"href":"https:\/\/nvnoticias.mx\/index.php\/wp-json\/wp\/v2\/media?parent=34393"}],"wp:term":[{"taxonomy":"category","embeddable":true,"href":"https:\/\/nvnoticias.mx\/index.php\/wp-json\/wp\/v2\/categories?post=34393"},{"taxonomy":"post_tag","embeddable":true,"href":"https:\/\/nvnoticias.mx\/index.php\/wp-json\/wp\/v2\/tags?post=34393"}],"curies":[{"name":"wp","href":"https:\/\/api.w.org\/{rel}","templated":true}]}}