{"id":3438,"date":"2021-02-04T07:53:47","date_gmt":"2021-02-04T13:53:47","guid":{"rendered":"https:\/\/nvnoticias.mx\/?p=3438"},"modified":"2021-02-04T07:53:48","modified_gmt":"2021-02-04T13:53:48","slug":"faltaba-mas","status":"publish","type":"post","link":"https:\/\/nvnoticias.mx\/index.php\/2021\/02\/04\/faltaba-mas\/","title":{"rendered":"\u00a1Faltaba m\u00e1s!&#8230;"},"content":{"rendered":"\n<p>La sola idea de regularizar -controlar ser\u00eda m\u00e1s propio- la Internet, lleva al concepto indefectiblemente de una dictadura.&nbsp; Y el pensamiento de muchos, no solo los que nos dedicamos al oficio de opinar y comentar los sucesos cotidianos, se resume en las palabras de una de las figuras m\u00e1s grandes de la Ilustraci\u00f3n\u2026<\/p>\n\n\n\n<p><strong><em>\u201cPodr\u00e9 no estar de acuerdo con lo que dices; pero defender\u00e9 con la vida tu derecho a expresarlo\u201d.&nbsp;&nbsp;<\/em><\/strong><strong>Francois-Mari\u00e9 Arouet,&nbsp;<\/strong>m\u00e1s conocidocomo&nbsp;<strong>Voltaire (1694 \u2013 1778)<\/strong><\/p>\n\n\n\n<p>Al respecto, tambi\u00e9n me permito recordar las palabras de otro personaje de ese mismo tiempo en que gracias a ellos y muchos, muchos m\u00e1s, prevaleci\u00f3 la raz\u00f3n sobre el oscurantismo; y consecuentemente hubo progreso\u2026<\/p>\n\n\n\n<p><strong>Juan Jacobo Rousseau (1712 \u2013 1778)&nbsp;<em>\u201cPueblos libres, recordad esta m\u00e1xima: Podemos adquirir la Libertad; pero nunca se recupera una vez que se pierde\u201d\u2026<\/em><\/strong><\/p>\n\n\n\n<p>Y se puede ilustrar con lo que est\u00e1 sucediendo en Ucrania, donde acorde con el cambio de Era, lo que conlleva forzosamente a una revoluci\u00f3n mundial.&nbsp; Aunque la revoluci\u00f3n no necesariamente tiene por qu\u00e9 ser con balazos y muertos; y de nosotros depender\u00e1 que sea pac\u00edfica y de beneficio para todos\u2026<\/p>\n\n\n\n<p>El caso, es que el Presidente de Ucrania,\u00a0<strong>Volod\u00edmir Zelenski<\/strong>, orden\u00f3 el cierre de algunos canales de TV; y los opositores, cada vez m\u00e1s respaldados por la mayor\u00eda de los ciudadanos, pues el hecho les llev\u00f3 agua a su molino\u2026<\/p>\n\n\n\n<p>Advirtieron que dar\u00edan inicio a un procedimiento jur\u00eddico para destituirlo del cargo; pues se ha burlado de los votantes y del Pa\u00eds.&nbsp;&nbsp;<strong><em>\u201cEl Presidente ha golpeado el coraz\u00f3n de la democracia; la libertad de expresi\u00f3n, la existencia de una Ucrania democr\u00e1tica e independiente, est\u00e1 amenazada\u201d\u2026<\/em><\/strong><\/p>\n\n\n\n<p>Fueron las palabras que se escucharon desde la tribuna de La Rada -el Parlamento- por boca del copresidente del Partido Por la Vida&nbsp;<strong>Vadim Rabin\u00f3vich\u2026<\/strong><\/p>\n\n\n\n<p>Por lo que nuevamente insisto en que habr\u00e1 que estar muy pendientes de lo que el senador&nbsp;<strong>Monreal<\/strong>&nbsp;presente como iniciativa de parte del Presidente para regular las Redes.<\/p>\n\n\n\n<p><strong>Cambiando de tema\u2026<\/strong><\/p>\n\n\n\n<p>La detenci\u00f3n del ex Gobernador de Puebla, Mario Mar\u00edn llevada a cabo en Acapulco, desde donde ser\u00e1 trasladado a Canc\u00fan, donde tiene fincada una denuncia por tortura en contra de&nbsp;<strong>Lydia Cacho\u2026<\/strong><\/p>\n\n\n\n<p>Y el retorno de<strong>&nbsp;Ancira&nbsp;<\/strong>desde Espa\u00f1apara quedevuelva el dinero que supuestamente defraud\u00f3 a la naci\u00f3n con la venta de una empresa inservible, no son poca cosa.&nbsp; Habr\u00e1 que ver cu\u00e1l es el tratamiento que le dan a los distinguidos ciudadanos; porque \u00faltimamente como que los tratan muy bien&#8230;<\/p>\n\n\n\n<p>Cuando menos a&nbsp;<strong>Alonso Ancira&nbsp;<\/strong>ya no lo pusieron tras las rejas, solo est\u00e1 retenido en el hangar de la FGR en el aeropuerto y le fijaron una especie de fianza de 50,000.00 pesotes.&nbsp; Pero como no tra\u00eda efectivo, tendr\u00e1n que ir a conseguirlo para que se pueda ir a su casa.<\/p>\n\n\n\n<p><strong>Ya de salida\u2026<\/strong><\/p>\n\n\n\n<p>No vayan a pensar mis cuatro amables lectores, que de repente me he vuelto oficiali$ta, que me han llegado al precio y que ahora defiendo al Presidente&nbsp;<strong>Andr\u00e9s Manuel.<\/strong>&nbsp;No, nada de eso.&nbsp; Pero honor a quien honor merece\u2026<\/p>\n\n\n\n<p>Si no llegan las rusas -me refiero a las vacunas- se pueden conseguir en Tepito.&nbsp; Para eso somos una potencia exportadora -por no decir que una vil maquiladora; pero en fin-.&nbsp; Pero si el Presidente fue capaz de rifar un avi\u00f3n sin rifa; c\u00f3mo no se va a poder vacunar sin vacunas.&nbsp;&nbsp;<strong>\u00a1Faltaba m\u00e1s!<\/strong><\/p>\n\n\n\n<p>Y nos vemos ma\u00f1ana, si el Sol me presta vida.<\/p>\n\n\n\n<p class=\"has-text-align-right\"><strong>Julio Ricardo Blanchet Cruz<\/strong><\/p>\n\n\n\n<p class=\"has-text-align-right\"><a rel=\"noreferrer noopener\" href=\"mailto:diariolibertad@gmail.com\" target=\"_blank\">diariolibertad@gmail.com<\/a><\/p>\n","protected":false},"excerpt":{"rendered":"<p>La sola idea de regularizar -controlar ser\u00eda m\u00e1s propio- la Internet, lleva al concepto indefectiblemente de una dictadura.&nbsp; Y el pensamiento de muchos, no solo los que nos dedicamos al oficio de opinar y comentar los sucesos cotidianos, se resume en las palabras de una de las figuras m\u00e1s grandes de la Ilustraci\u00f3n\u2026 \u201cPodr\u00e9 no [&hellip;]<\/p>\n","protected":false},"author":28,"featured_media":3439,"comment_status":"open","ping_status":"open","sticky":false,"template":"","format":"standard","meta":{"_monsterinsights_skip_tracking":false,"_monsterinsights_sitenote_active":false,"_monsterinsights_sitenote_note":"","_monsterinsights_sitenote_category":0,"footnotes":""},"categories":[244],"tags":[291],"class_list":["post-3438","post","type-post","status-publish","format-standard","has-post-thumbnail","hentry","category-opiniones-y-comentarios","tag-julio-ricardo-blanchet-cruz","wp-image-borders"],"amp_enabled":true,"_links":{"self":[{"href":"https:\/\/nvnoticias.mx\/index.php\/wp-json\/wp\/v2\/posts\/3438","targetHints":{"allow":["GET"]}}],"collection":[{"href":"https:\/\/nvnoticias.mx\/index.php\/wp-json\/wp\/v2\/posts"}],"about":[{"href":"https:\/\/nvnoticias.mx\/index.php\/wp-json\/wp\/v2\/types\/post"}],"author":[{"embeddable":true,"href":"https:\/\/nvnoticias.mx\/index.php\/wp-json\/wp\/v2\/users\/28"}],"replies":[{"embeddable":true,"href":"https:\/\/nvnoticias.mx\/index.php\/wp-json\/wp\/v2\/comments?post=3438"}],"version-history":[{"count":1,"href":"https:\/\/nvnoticias.mx\/index.php\/wp-json\/wp\/v2\/posts\/3438\/revisions"}],"predecessor-version":[{"id":3440,"href":"https:\/\/nvnoticias.mx\/index.php\/wp-json\/wp\/v2\/posts\/3438\/revisions\/3440"}],"wp:featuredmedia":[{"embeddable":true,"href":"https:\/\/nvnoticias.mx\/index.php\/wp-json\/wp\/v2\/media\/3439"}],"wp:attachment":[{"href":"https:\/\/nvnoticias.mx\/index.php\/wp-json\/wp\/v2\/media?parent=3438"}],"wp:term":[{"taxonomy":"category","embeddable":true,"href":"https:\/\/nvnoticias.mx\/index.php\/wp-json\/wp\/v2\/categories?post=3438"},{"taxonomy":"post_tag","embeddable":true,"href":"https:\/\/nvnoticias.mx\/index.php\/wp-json\/wp\/v2\/tags?post=3438"}],"curies":[{"name":"wp","href":"https:\/\/api.w.org\/{rel}","templated":true}]}}