{"id":34182,"date":"2021-12-17T21:09:58","date_gmt":"2021-12-18T03:09:58","guid":{"rendered":"https:\/\/nvnoticias.mx\/?p=34182"},"modified":"2021-12-17T21:10:57","modified_gmt":"2021-12-18T03:10:57","slug":"pretenden-ampliar-vigencia-de-credenciales-que-expiran-en-enero-proximo","status":"publish","type":"post","link":"https:\/\/nvnoticias.mx\/index.php\/2021\/12\/17\/pretenden-ampliar-vigencia-de-credenciales-que-expiran-en-enero-proximo\/","title":{"rendered":"Pretenden ampliar vigencia de credenciales que expiran en enero pr\u00f3ximo"},"content":{"rendered":"\n<p><strong>Sam Ojeda&nbsp;| NV Noticias<\/strong><\/p>\n\n\n\n<p>Xalapa.- La Comisi\u00f3n del Registro Federal de Electorales aprob\u00f3 un acuerdo para que las credenciales de elector con vigencia al 1 de enero de 2022 puedan ser usadas durante jornada de revocaci\u00f3n de mandato prevista para el 10 de abril del siguiente a\u00f1o y seis elecciones locales ordinarias en 2022.<\/p>\n\n\n\n<p>El consejero del Instituto Nacional Electoral (INE), Jos\u00e9 Roberto Ruiz Salda\u00f1a, inform\u00f3 que debe ser aprobado por el Consejo General, pero permitir\u00eda ampliar la vigencia de 4.6 millones de credenciales en todo el pa\u00eds.<\/p>\n\n\n\n<p>El funcionario electoral indic\u00f3 que en el caso de Veracruz son 327 mil 395 las credenciales que podr\u00edan ampliar su vigencia.&nbsp;<\/p>\n\n\n\n<p>En el caso de Veracruz, en donde se prev\u00e9 haya por lo menos dos elecciones extraordinarias para la elecci\u00f3n de autoridades municipales en Jes\u00fas Carranza y Chiconamel, indic\u00f3 que se tomar\u00e1 en cuenta la lista nominal que se us\u00f3 en los comicios de junio pasado.&nbsp;<\/p>\n\n\n\n<blockquote class=\"wp-block-quote is-layout-flow wp-block-quote-is-layout-flow\"><p>\u201cNos vamos a la lista nominal de personas que tuvieron derecho a votar en la elecci\u00f3n ordinaria, no hay cambios al respecto; las personas que tuvieron derecho a votar en una elecci\u00f3n ordinaria el pasado 6 de junio son las personas que tendr\u00edan derecho a votar en cualquiera de las elecciones extraordinarias\u201d.<\/p><\/blockquote>\n\n\n\n<p>Se prev\u00e9 que las credenciales puedan estar vigentes hasta el d\u00eda siguiente del ejercicio sobre la revocaci\u00f3n de mandato, que ser\u00eda el 11 de abril, aunque esto depender\u00e1 de que se lleve a cabo este ejercicio, lo cual quedar\u00eda establecido a m\u00e1s tardar el pr\u00f3ximo 4 de febrero.&nbsp;<\/p>\n\n\n\n<blockquote class=\"wp-block-quote is-layout-flow wp-block-quote-is-layout-flow\"><p>\u201cSi no se realiza el ejercicio de revocaci\u00f3n de mandato perder\u00edan su vigencia en el momento en que se determine que no se realizar\u00e1; nosotros tenemos hasta el 4 de febrero para determinar si se emite la convocatoria o no\u201d. \u00a0<\/p><\/blockquote>\n","protected":false},"excerpt":{"rendered":"<p>Sam Ojeda&nbsp;| NV Noticias Xalapa.- La Comisi\u00f3n del Registro Federal de Electorales aprob\u00f3 un acuerdo para que las credenciales de elector con vigencia al 1 de enero de 2022 puedan ser usadas durante jornada de revocaci\u00f3n de mandato prevista para el 10 de abril del siguiente a\u00f1o y seis elecciones locales ordinarias en 2022. El [&hellip;]<\/p>\n","protected":false},"author":7,"featured_media":6814,"comment_status":"open","ping_status":"open","sticky":false,"template":"","format":"standard","meta":{"_monsterinsights_skip_tracking":false,"_monsterinsights_sitenote_active":false,"_monsterinsights_sitenote_note":"","_monsterinsights_sitenote_category":0,"footnotes":""},"categories":[156],"tags":[5992,7974,7413,443,7975],"class_list":["post-34182","post","type-post","status-publish","format-standard","has-post-thumbnail","hentry","category-estado","tag-credenciales","tag-elector","tag-enero","tag-ine","tag-vigencia","wp-image-borders"],"amp_enabled":true,"_links":{"self":[{"href":"https:\/\/nvnoticias.mx\/index.php\/wp-json\/wp\/v2\/posts\/34182","targetHints":{"allow":["GET"]}}],"collection":[{"href":"https:\/\/nvnoticias.mx\/index.php\/wp-json\/wp\/v2\/posts"}],"about":[{"href":"https:\/\/nvnoticias.mx\/index.php\/wp-json\/wp\/v2\/types\/post"}],"author":[{"embeddable":true,"href":"https:\/\/nvnoticias.mx\/index.php\/wp-json\/wp\/v2\/users\/7"}],"replies":[{"embeddable":true,"href":"https:\/\/nvnoticias.mx\/index.php\/wp-json\/wp\/v2\/comments?post=34182"}],"version-history":[{"count":3,"href":"https:\/\/nvnoticias.mx\/index.php\/wp-json\/wp\/v2\/posts\/34182\/revisions"}],"predecessor-version":[{"id":34186,"href":"https:\/\/nvnoticias.mx\/index.php\/wp-json\/wp\/v2\/posts\/34182\/revisions\/34186"}],"wp:featuredmedia":[{"embeddable":true,"href":"https:\/\/nvnoticias.mx\/index.php\/wp-json\/wp\/v2\/media\/6814"}],"wp:attachment":[{"href":"https:\/\/nvnoticias.mx\/index.php\/wp-json\/wp\/v2\/media?parent=34182"}],"wp:term":[{"taxonomy":"category","embeddable":true,"href":"https:\/\/nvnoticias.mx\/index.php\/wp-json\/wp\/v2\/categories?post=34182"},{"taxonomy":"post_tag","embeddable":true,"href":"https:\/\/nvnoticias.mx\/index.php\/wp-json\/wp\/v2\/tags?post=34182"}],"curies":[{"name":"wp","href":"https:\/\/api.w.org\/{rel}","templated":true}]}}