{"id":34138,"date":"2021-12-17T11:47:26","date_gmt":"2021-12-17T17:47:26","guid":{"rendered":"https:\/\/nvnoticias.mx\/?p=34138"},"modified":"2021-12-17T12:02:38","modified_gmt":"2021-12-17T18:02:38","slug":"se-manifiestan-comerciantes-de-la-zona-del-tranvia-del-recuerdo","status":"publish","type":"post","link":"https:\/\/nvnoticias.mx\/index.php\/2021\/12\/17\/se-manifiestan-comerciantes-de-la-zona-del-tranvia-del-recuerdo\/","title":{"rendered":"Se manifiestan Comerciantes de la zona del Tranv\u00eda del Recuerdo"},"content":{"rendered":"\n<p><strong>Jes\u00fas Utrilla | NV Noticias<\/strong><\/p>\n\n\n\n<p>Comerciantes de la zona del Tranv\u00eda del Recuerdo advirtieron que esperar\u00e1n el cambio de administraci\u00f3n municipal para volverse a colocar en el camell\u00f3n y ofrecer sus productos.<br>Dijeron que no pagar\u00e1n permisos al ayuntamiento y mejor dejar\u00e1n de vender cerca de dos semanas hasta que se concrete la salida de las autoridades actuales.<div><br>Los vendedores se manifestaron en el camell\u00f3n, frente al parque Zamora, para quejarse que les colocaron tablas para que retiraran sus tendederos.<\/div><\/p>\n\n\n\n<p><div>Sin embargo, los l\u00edderes llamaron a la calma y les pidieron esperar al 1 de enero para volverse a instalar.<\/div><\/p>\n\n\n\n<p><div>\u201cSomos un bazar que aboga por el uso de las zonas p\u00fablicas, la mayor\u00eda de nosotros vendemos ropa y no somos ambulantes sino estudiantes, mujeres de la tercera edad y madres solteras. Nosotros venimos desde hace un a\u00f1o y a lo largo de ese a\u00f1o ha venido comercio a negociar permisos y pagos pero tenemos derecho a ponernos en este lugar\u201d, se\u00f1al\u00f3 una de las comerciantes que no quiso dar su nombre.<\/div><\/p>\n\n\n\n<p>Los vendedores dijeron que no est\u00e1n dispuestos a pagar los permisos que les solicitan.<br>Tambi\u00e9n condenaron que les colocaran tablas de madera y acusaron que los han intentado reubicar pero nunca les dijeron a que zona.<\/p>\n\n\n\n<p>\u201cNos han mencionado que deber\u00edamos tener un permiso de 6 mil pesos, pero no nos han dicho si es por todo el bazar o por persona, siempre son ambiguos, pero de todos modos no tenemos la solvencia ni ganancia para darlo\u201d.<\/p>\n\n\n\n<p>Los puestos ten\u00edan cerca de un a\u00f1o en el camell\u00f3n y en ese tiempo crecieron en n\u00famero.<\/p>\n","protected":false},"excerpt":{"rendered":"<p>Jes\u00fas Utrilla | NV Noticias Comerciantes de la zona del Tranv\u00eda del Recuerdo advirtieron que esperar\u00e1n el cambio de administraci\u00f3n municipal para volverse a colocar en el camell\u00f3n y ofrecer sus productos.Dijeron que no pagar\u00e1n permisos al ayuntamiento y mejor dejar\u00e1n de vender cerca de dos semanas hasta que se concrete la salida de las [&hellip;]<\/p>\n","protected":false},"author":6,"featured_media":34139,"comment_status":"open","ping_status":"open","sticky":false,"template":"","format":"standard","meta":{"_monsterinsights_skip_tracking":false,"_monsterinsights_sitenote_active":false,"_monsterinsights_sitenote_note":"","_monsterinsights_sitenote_category":0,"footnotes":""},"categories":[154],"tags":[564,503],"class_list":["post-34138","post","type-post","status-publish","format-standard","has-post-thumbnail","hentry","category-veracruz","tag-comerciantes","tag-manifestacion","wp-image-borders"],"amp_enabled":true,"_links":{"self":[{"href":"https:\/\/nvnoticias.mx\/index.php\/wp-json\/wp\/v2\/posts\/34138","targetHints":{"allow":["GET"]}}],"collection":[{"href":"https:\/\/nvnoticias.mx\/index.php\/wp-json\/wp\/v2\/posts"}],"about":[{"href":"https:\/\/nvnoticias.mx\/index.php\/wp-json\/wp\/v2\/types\/post"}],"author":[{"embeddable":true,"href":"https:\/\/nvnoticias.mx\/index.php\/wp-json\/wp\/v2\/users\/6"}],"replies":[{"embeddable":true,"href":"https:\/\/nvnoticias.mx\/index.php\/wp-json\/wp\/v2\/comments?post=34138"}],"version-history":[{"count":1,"href":"https:\/\/nvnoticias.mx\/index.php\/wp-json\/wp\/v2\/posts\/34138\/revisions"}],"predecessor-version":[{"id":34140,"href":"https:\/\/nvnoticias.mx\/index.php\/wp-json\/wp\/v2\/posts\/34138\/revisions\/34140"}],"wp:featuredmedia":[{"embeddable":true,"href":"https:\/\/nvnoticias.mx\/index.php\/wp-json\/wp\/v2\/media\/34139"}],"wp:attachment":[{"href":"https:\/\/nvnoticias.mx\/index.php\/wp-json\/wp\/v2\/media?parent=34138"}],"wp:term":[{"taxonomy":"category","embeddable":true,"href":"https:\/\/nvnoticias.mx\/index.php\/wp-json\/wp\/v2\/categories?post=34138"},{"taxonomy":"post_tag","embeddable":true,"href":"https:\/\/nvnoticias.mx\/index.php\/wp-json\/wp\/v2\/tags?post=34138"}],"curies":[{"name":"wp","href":"https:\/\/api.w.org\/{rel}","templated":true}]}}