{"id":34084,"date":"2021-12-16T15:18:25","date_gmt":"2021-12-16T21:18:25","guid":{"rendered":"https:\/\/nvnoticias.mx\/?p=34084"},"modified":"2021-12-16T15:18:26","modified_gmt":"2021-12-16T21:18:26","slug":"hay-94-municipios-anormalmente-secos-en-veracruz","status":"publish","type":"post","link":"https:\/\/nvnoticias.mx\/index.php\/2021\/12\/16\/hay-94-municipios-anormalmente-secos-en-veracruz\/","title":{"rendered":"Hay 94 municipios anormalmente secos en Veracruz"},"content":{"rendered":"\n<p><strong>Sam Ojeda | NV Noticias<\/strong>&nbsp;<\/p>\n\n\n\n<p>Xalapa. &#8211;&nbsp;La jefa de&nbsp;Hidrometerolog\u00eda&nbsp;de la Comisi\u00f3n Nacional del Agua (Conagua), Jessica Luna Lagunes, advirti\u00f3 que el estado de Veracruz enfrenta condiciones de d\u00e9ficit de lluvias.&nbsp;&nbsp;<\/p>\n\n\n\n<p>Explic\u00f3 que para Veracruz el mes de diciembre la media oscila entre los 100 a 150 mil\u00edmetros, pero que debido a la ausencia de lluvia no se ha llegado al promedio.\u00a0<\/p>\n\n\n\n<blockquote class=\"wp-block-quote is-layout-flow wp-block-quote-is-layout-flow\"><p>\u201cDebido a la ausencia de frentes fr\u00edos para este diciembre las lluvias m\u00e1s importantes se han presentado en la regi\u00f3n de los Tuxtlas y para la parte del Tonal\u00e1 y parte baja del Coatzacoalcos\u201d.\u00a0<\/p><\/blockquote>\n\n\n\n<p>Dijo que como consecuencia m\u00e1s de una tercera parte de los municipios veracruzanos se encuentran en condiciones anormalmente secas y que las regiones m\u00e1s afectadas son en el norte y el centro.&nbsp;<\/p>\n\n\n\n<p>Actualmente hay 94 municipios anormalmente secos, mientras que la quincena pasada la cifra era de 82; es decir, un aumento de 12 municipios en la lista.&nbsp;<\/p>\n\n\n\n<p>De estos 94 municipios, 23 se ubican en la cuenca del P\u00e1nuco, 40 entre la cuenca del Tuxpan al Jamapa, 20 en la cuenca del Papaloapan y 11 en la del Coatzacoalcos.&nbsp;<\/p>\n","protected":false},"excerpt":{"rendered":"<p>Sam Ojeda | NV Noticias&nbsp; Xalapa. &#8211;&nbsp;La jefa de&nbsp;Hidrometerolog\u00eda&nbsp;de la Comisi\u00f3n Nacional del Agua (Conagua), Jessica Luna Lagunes, advirti\u00f3 que el estado de Veracruz enfrenta condiciones de d\u00e9ficit de lluvias.&nbsp;&nbsp; Explic\u00f3 que para Veracruz el mes de diciembre la media oscila entre los 100 a 150 mil\u00edmetros, pero que debido a la ausencia de lluvia [&hellip;]<\/p>\n","protected":false},"author":6,"featured_media":18300,"comment_status":"open","ping_status":"open","sticky":false,"template":"","format":"standard","meta":{"_monsterinsights_skip_tracking":false,"_monsterinsights_sitenote_active":false,"_monsterinsights_sitenote_note":"","_monsterinsights_sitenote_category":0,"footnotes":""},"categories":[156],"tags":[2810,3368],"class_list":["post-34084","post","type-post","status-publish","format-standard","has-post-thumbnail","hentry","category-estado","tag-municipios","tag-sequia-2","wp-image-borders"],"amp_enabled":true,"_links":{"self":[{"href":"https:\/\/nvnoticias.mx\/index.php\/wp-json\/wp\/v2\/posts\/34084","targetHints":{"allow":["GET"]}}],"collection":[{"href":"https:\/\/nvnoticias.mx\/index.php\/wp-json\/wp\/v2\/posts"}],"about":[{"href":"https:\/\/nvnoticias.mx\/index.php\/wp-json\/wp\/v2\/types\/post"}],"author":[{"embeddable":true,"href":"https:\/\/nvnoticias.mx\/index.php\/wp-json\/wp\/v2\/users\/6"}],"replies":[{"embeddable":true,"href":"https:\/\/nvnoticias.mx\/index.php\/wp-json\/wp\/v2\/comments?post=34084"}],"version-history":[{"count":1,"href":"https:\/\/nvnoticias.mx\/index.php\/wp-json\/wp\/v2\/posts\/34084\/revisions"}],"predecessor-version":[{"id":34085,"href":"https:\/\/nvnoticias.mx\/index.php\/wp-json\/wp\/v2\/posts\/34084\/revisions\/34085"}],"wp:featuredmedia":[{"embeddable":true,"href":"https:\/\/nvnoticias.mx\/index.php\/wp-json\/wp\/v2\/media\/18300"}],"wp:attachment":[{"href":"https:\/\/nvnoticias.mx\/index.php\/wp-json\/wp\/v2\/media?parent=34084"}],"wp:term":[{"taxonomy":"category","embeddable":true,"href":"https:\/\/nvnoticias.mx\/index.php\/wp-json\/wp\/v2\/categories?post=34084"},{"taxonomy":"post_tag","embeddable":true,"href":"https:\/\/nvnoticias.mx\/index.php\/wp-json\/wp\/v2\/tags?post=34084"}],"curies":[{"name":"wp","href":"https:\/\/api.w.org\/{rel}","templated":true}]}}