{"id":34075,"date":"2021-12-16T13:56:37","date_gmt":"2021-12-16T19:56:37","guid":{"rendered":"https:\/\/nvnoticias.mx\/?p=34075"},"modified":"2021-12-16T13:56:37","modified_gmt":"2021-12-16T19:56:37","slug":"se-defiende-ben-affleck-tras-sus-polemicas-declaraciones-sobre-jennifer-garner","status":"publish","type":"post","link":"https:\/\/nvnoticias.mx\/index.php\/2021\/12\/16\/se-defiende-ben-affleck-tras-sus-polemicas-declaraciones-sobre-jennifer-garner\/","title":{"rendered":"Se defiende Ben Affleck tras sus pol\u00e9micas declaraciones sobre Jennifer Garner"},"content":{"rendered":"\n<p>Tras la ola de cr\u00edticas que surgieron en redes sociales despu\u00e9s de la pol\u00e9mica entrevista que cedi\u00f3<strong>&nbsp;Ben Affleck<\/strong>&nbsp;a Howard Stern, el actor asegur\u00f3 que su declaraciones fueron malentendidas, pues su intenci\u00f3n nunca fue culpar a<strong>&nbsp;Jennifer Garner<\/strong>&nbsp;y su matrimonio de sus problemas de alcoholismo.<\/p>\n\n\n\n<p>El actor estadounidense que ha encarnado a \u201c<strong>Bruce Wayne<\/strong>\u201d en las \u00faltimas pel\u00edculas de&nbsp;<em><strong>Batman<\/strong><\/em>, acudi\u00f3 como invitado especial a<em><strong>&nbsp;Jimmy Kimmel Live!<\/strong><\/em>, programa de televisi\u00f3n conducido por el productor de 54 a\u00f1os. Fue el propio Ben Affleck quien quiso retomar la controversia en la que se encuentra relacionado con el fin de aclarar la situaci\u00f3n.<\/p>\n\n\n\n<p>El actor confes\u00f3 que<strong>\u00a0la pl\u00e1tica que sostuvo con Howard Stern el pasado martes le hab\u00eda parecido muy fruct\u00edfera, larga y profunda,<\/strong>\u00a0donde se tocaron varios aspectos tanto de su vida privada como de los proyectos art\u00edsticos donde ha colaborado. Sin embargo, al poco tiempo se dio cuenta de que su nombre resonaba en Twitter con fuertes cr\u00edticas sobre sus declaraciones relacionadas a su expareja.<\/p>\n\n\n\n<p>\u201cHab\u00edan tomado literalmente la conversaci\u00f3n y&nbsp;<strong>la hab\u00edan hecho parecer como si estuviera diciendo exactamente lo contrario de lo que hab\u00eda dicho<\/strong>\u201d, coment\u00f3 el actor, pues le pareci\u00f3 que sus comentarios fueron sacados de contexto.<\/p>\n\n\n\n<p>\u201cDec\u00eda que hab\u00eda culpado a mi exesposa por mi alcoholismo, que estaba atrapado en ese matrimonio.<strong>&nbsp;Simplemente me hizo parecer el peor, el m\u00e1s insensible, est\u00fapido y horrible tipo<\/strong>\u201d, continu\u00f3.<\/p>\n\n\n\n<p>Ben Affleck coment\u00f3 que toda la situaci\u00f3n no s\u00f3lo afect\u00f3 a toda su familia, incluida la actriz de\u00a0<em>Si tuviera 30<\/em>, sino que \u00e9l tambi\u00e9n se sinti\u00f3 mal aunque en un principio hab\u00eda considerado que la entrevista hab\u00eda sido buena. La reacci\u00f3n que se gener\u00f3 en redes sobre la situaci\u00f3n no fue la que \u00e9l esperaba, pues se torn\u00f3 lamentable y no le gustar\u00eda que sus hijos Violet, Seraphina y Samuel tuvieran una mala impresi\u00f3n de sus padres.<\/p>\n\n\n\n<blockquote class=\"wp-block-quote is-layout-flow wp-block-quote-is-layout-flow\"><p>\u201cEso no es cierto, no creo eso, es exactamente lo contrario de lo que soy, de lo que creo, y no quisiera que mis hijos pensaran que alguna vez dir\u00eda una mala palabra sobre su madre\u201d, aclar\u00f3.<\/p><\/blockquote>\n\n\n\n<p>El actor de<em>&nbsp;El \u00faltimo duelo<\/em>&nbsp;mencion\u00f3 prefiere marcar distancia entre \u00e9l y su familia cuando habla p\u00fablicamente de su vida, pues no le gusta dejar expuesta su intimida debido a las repercusiones que puede generar, tal y como pas\u00f3 con sus recientes declaraciones: \u201c<strong>Tengo que trazar una l\u00ednea y ser claro<\/strong>\u201d, dijo.<\/p>\n\n\n\n<p>El actor record\u00f3 que durante la entrevista que sostuvo con Howard Stern se profundiz\u00f3 sobre su relaci\u00f3n con sus tres hijos y su exesposa, con quien estuvo casado desde 2005 hasta el 2018. Explic\u00f3 que adem\u00e1s de los fuertes problemas de alcoholismo que lo orillaron a tomar rehabilitaci\u00f3n y recaer, en algunas ocasiones, tambi\u00e9n se coment\u00f3 sobre el apoyo mutuo que existen entre \u00e9l y la actriz.<\/p>\n\n\n\n<p>\u201c<strong>Hablamos mucho sobre mi familia, el divorcio y el alcoholismo, c\u00f3mo tienes que ser responsable y cari\u00f1oso&nbsp;<\/strong>[&#8230;] continu\u00e9 y dije cu\u00e1nto nos respetamos y nos preocupamos el uno por el otro y nos preocupamos por nuestros hijos y los pongo en primer lugar\u201d, concluy\u00f3.<\/p>\n\n\n\n<p>Durante la controversial entrevista, Ben Affleck admiti\u00f3 que la infelicidad que sent\u00eda dentro de su matrimonio con Garner pudo haber sido uno de los factores que contribuyeron en su adicci\u00f3n con el alcohol y confes\u00f3 que, si hubiera seguido casado con su expareja, \u201c<strong>probablemente seguir\u00eda bebiendo<\/strong>\u201d.<\/p>\n\n\n\n<p>\u201c<strong>Parte de la raz\u00f3n por la que comenc\u00e9 a beber fue porque estaba atrapado\u201d<\/strong>, afirm\u00f3.\u00a0<strong>\u201cYo estaba como \u2018No puedo irme por mis hijos, pero no estoy feliz, \u00bfqu\u00e9 hago?\u2019 y lo que hice fue beber una botella de whisky y quedarme dormido en el sof\u00e1, que result\u00f3 que esa no era la soluci\u00f3n<\/strong>\u201d, cont\u00f3.<\/p>\n\n\n\n<p>Fuento: Infobae<\/p>\n","protected":false},"excerpt":{"rendered":"<p>Tras la ola de cr\u00edticas que surgieron en redes sociales despu\u00e9s de la pol\u00e9mica entrevista que cedi\u00f3&nbsp;Ben Affleck&nbsp;a Howard Stern, el actor asegur\u00f3 que su declaraciones fueron malentendidas, pues su intenci\u00f3n nunca fue culpar a&nbsp;Jennifer Garner&nbsp;y su matrimonio de sus problemas de alcoholismo. El actor estadounidense que ha encarnado a \u201cBruce Wayne\u201d en las \u00faltimas [&hellip;]<\/p>\n","protected":false},"author":35,"featured_media":34076,"comment_status":"open","ping_status":"open","sticky":false,"template":"","format":"standard","meta":{"_monsterinsights_skip_tracking":false,"_monsterinsights_sitenote_active":false,"_monsterinsights_sitenote_note":"","_monsterinsights_sitenote_category":0,"footnotes":""},"categories":[576],"tags":[3599,7914,7912,7913],"class_list":["post-34075","post","type-post","status-publish","format-standard","has-post-thumbnail","hentry","category-ocio","tag-ben-affleck","tag-declaraciones","tag-jennifer-garner","tag-polemicas","wp-image-borders"],"amp_enabled":true,"_links":{"self":[{"href":"https:\/\/nvnoticias.mx\/index.php\/wp-json\/wp\/v2\/posts\/34075","targetHints":{"allow":["GET"]}}],"collection":[{"href":"https:\/\/nvnoticias.mx\/index.php\/wp-json\/wp\/v2\/posts"}],"about":[{"href":"https:\/\/nvnoticias.mx\/index.php\/wp-json\/wp\/v2\/types\/post"}],"author":[{"embeddable":true,"href":"https:\/\/nvnoticias.mx\/index.php\/wp-json\/wp\/v2\/users\/35"}],"replies":[{"embeddable":true,"href":"https:\/\/nvnoticias.mx\/index.php\/wp-json\/wp\/v2\/comments?post=34075"}],"version-history":[{"count":1,"href":"https:\/\/nvnoticias.mx\/index.php\/wp-json\/wp\/v2\/posts\/34075\/revisions"}],"predecessor-version":[{"id":34077,"href":"https:\/\/nvnoticias.mx\/index.php\/wp-json\/wp\/v2\/posts\/34075\/revisions\/34077"}],"wp:featuredmedia":[{"embeddable":true,"href":"https:\/\/nvnoticias.mx\/index.php\/wp-json\/wp\/v2\/media\/34076"}],"wp:attachment":[{"href":"https:\/\/nvnoticias.mx\/index.php\/wp-json\/wp\/v2\/media?parent=34075"}],"wp:term":[{"taxonomy":"category","embeddable":true,"href":"https:\/\/nvnoticias.mx\/index.php\/wp-json\/wp\/v2\/categories?post=34075"},{"taxonomy":"post_tag","embeddable":true,"href":"https:\/\/nvnoticias.mx\/index.php\/wp-json\/wp\/v2\/tags?post=34075"}],"curies":[{"name":"wp","href":"https:\/\/api.w.org\/{rel}","templated":true}]}}