{"id":34059,"date":"2021-12-16T13:11:36","date_gmt":"2021-12-16T19:11:36","guid":{"rendered":"https:\/\/nvnoticias.mx\/?p=34059"},"modified":"2021-12-16T13:12:13","modified_gmt":"2021-12-16T19:12:13","slug":"inai-celebra-resolucion-de-la-corte-sobre-decretazo","status":"publish","type":"post","link":"https:\/\/nvnoticias.mx\/index.php\/2021\/12\/16\/inai-celebra-resolucion-de-la-corte-sobre-decretazo\/","title":{"rendered":"INAI celebra resoluci\u00f3n de la Corte sobre mega proyectos federales"},"content":{"rendered":"\n<p><strong>Sam Ojeda | NV Noticias<\/strong><\/p>\n\n\n\n<p>Xalapa. &#8211; Comisionados del Instituto Nacional de Acceso a la Informaci\u00f3n (INAI) celebraron la resoluci\u00f3n de la Suprema Corte de Justicia de la Naci\u00f3n (SCJN) que suspendi\u00f3 el decreto que pretend\u00eda reservar la informaci\u00f3n sobre los mega proyectos del Gobierno federal.<\/p>\n\n\n\n<p>Entrevistado sobre el tema, el comisionado Oscar Guerra, dijo que si bien el decreto seguir\u00e1 vigente, se realiz\u00f3 una suspensi\u00f3n parcial.<\/p>\n\n\n\n<blockquote class=\"wp-block-quote is-layout-flow wp-block-quote-is-layout-flow\"><p>&#8220;Significa que ninguna dependencia p\u00fablica del Gobierno federal, del Ejecutivo, podr\u00e1 utilizar este decreto para reservar informaci\u00f3n previamente&#8221;.<\/p><\/blockquote>\n\n\n\n<p>No obstante, consider\u00f3 que seguramente habr\u00e1 informaci\u00f3n reservada, pero se tendr\u00e1n que analizar caso por caso.<\/p>\n\n\n\n<p>En todo caso tendr\u00e1n que ser fundadas y motivadas, as\u00ed como una prueba de da\u00f1o, es decir, la dependencia deber\u00e1 justificar por qu\u00e9 es peor hacerlo p\u00fablico que mantenerlo reservado.<\/p>\n","protected":false},"excerpt":{"rendered":"<p>Sam Ojeda | NV Noticias Xalapa. &#8211; Comisionados del Instituto Nacional de Acceso a la Informaci\u00f3n (INAI) celebraron la resoluci\u00f3n de la Suprema Corte de Justicia de la Naci\u00f3n (SCJN) que suspendi\u00f3 el decreto que pretend\u00eda reservar la informaci\u00f3n sobre los mega proyectos del Gobierno federal. Entrevistado sobre el tema, el comisionado Oscar Guerra, dijo [&hellip;]<\/p>\n","protected":false},"author":6,"featured_media":34062,"comment_status":"open","ping_status":"open","sticky":false,"template":"","format":"standard","meta":{"_monsterinsights_skip_tracking":false,"_monsterinsights_sitenote_active":false,"_monsterinsights_sitenote_note":"","_monsterinsights_sitenote_category":0,"footnotes":""},"categories":[156],"tags":[7426,355,162],"class_list":["post-34059","post","type-post","status-publish","format-standard","has-post-thumbnail","hentry","category-estado","tag-decretazo","tag-inai","tag-portada","wp-image-borders"],"amp_enabled":true,"_links":{"self":[{"href":"https:\/\/nvnoticias.mx\/index.php\/wp-json\/wp\/v2\/posts\/34059","targetHints":{"allow":["GET"]}}],"collection":[{"href":"https:\/\/nvnoticias.mx\/index.php\/wp-json\/wp\/v2\/posts"}],"about":[{"href":"https:\/\/nvnoticias.mx\/index.php\/wp-json\/wp\/v2\/types\/post"}],"author":[{"embeddable":true,"href":"https:\/\/nvnoticias.mx\/index.php\/wp-json\/wp\/v2\/users\/6"}],"replies":[{"embeddable":true,"href":"https:\/\/nvnoticias.mx\/index.php\/wp-json\/wp\/v2\/comments?post=34059"}],"version-history":[{"count":1,"href":"https:\/\/nvnoticias.mx\/index.php\/wp-json\/wp\/v2\/posts\/34059\/revisions"}],"predecessor-version":[{"id":34060,"href":"https:\/\/nvnoticias.mx\/index.php\/wp-json\/wp\/v2\/posts\/34059\/revisions\/34060"}],"wp:featuredmedia":[{"embeddable":true,"href":"https:\/\/nvnoticias.mx\/index.php\/wp-json\/wp\/v2\/media\/34062"}],"wp:attachment":[{"href":"https:\/\/nvnoticias.mx\/index.php\/wp-json\/wp\/v2\/media?parent=34059"}],"wp:term":[{"taxonomy":"category","embeddable":true,"href":"https:\/\/nvnoticias.mx\/index.php\/wp-json\/wp\/v2\/categories?post=34059"},{"taxonomy":"post_tag","embeddable":true,"href":"https:\/\/nvnoticias.mx\/index.php\/wp-json\/wp\/v2\/tags?post=34059"}],"curies":[{"name":"wp","href":"https:\/\/api.w.org\/{rel}","templated":true}]}}