{"id":33972,"date":"2021-12-15T11:51:07","date_gmt":"2021-12-15T17:51:07","guid":{"rendered":"https:\/\/nvnoticias.mx\/?p=33972"},"modified":"2021-12-15T11:51:07","modified_gmt":"2021-12-15T17:51:07","slug":"upav-regresara-a-clases-presenciales-en-enero-de-2022","status":"publish","type":"post","link":"https:\/\/nvnoticias.mx\/index.php\/2021\/12\/15\/upav-regresara-a-clases-presenciales-en-enero-de-2022\/","title":{"rendered":"UPAV regresar\u00e1 a clases presenciales en enero de 2022"},"content":{"rendered":"\n<p><strong>Sam Ojeda | NV Noticias<\/strong><\/p>\n\n\n\n<p>Xalapa. &#8211; El rector de la Universidad Popular Aut\u00f3noma de Veracruz (UPAV), Ome Tochtli M\u00e9ndez Ram\u00edrez, inform\u00f3 que prev\u00e9n regresar a clases presenciales en todas sus modalidades a partir de enero de 2022.<\/p>\n\n\n\n<p>Indic\u00f3 que con la disminuci\u00f3n de casos de COVID-19 en Veracruz y el avance en la campa\u00f1a de vacunaci\u00f3n el siguiente a\u00f1o puedan volver a clases de manera presencial en todas sus actividades escolares.<\/p>\n\n\n\n<blockquote class=\"wp-block-quote is-layout-flow wp-block-quote-is-layout-flow\"><p>\u201cTuvimos una buena matr\u00edcula de nivel bachillerato que es la que estamos recibiendo entre noviembre y diciembre y con muchas esperanzas con estas reducciones en el tema de covid que nos pueden permitir una ventana de esperanza para presencial el siguiente periodo en 100 por ciento\u201d.<\/p><\/blockquote>\n\n\n\n<p>Entrevistado en el foro \u201cVeracruzanos salvando al mundo\u201d, agreg\u00f3 que el 50 por ciento de los alumnos inscritos a corresponden al nivel bachillerato.<\/p>\n\n\n\n<p>Dio a conocer que la matr\u00edcula de la universidad es \u201cflotante\u201d y es de casi 50 mil estudiantes de todos los niveles y que esperan volver a clases presenciales en enero de 2022.<\/p>\n\n\n\n<blockquote class=\"wp-block-quote is-layout-flow wp-block-quote-is-layout-flow\"><p>\u201cNuestra matr\u00edcula flotante est\u00e1 en los 50 mil, en todo el estado, en todos los niveles, medio y superior, por decir un n\u00famero este periodo de noviembre a diciembre estamos rondando los 24 mil 800 en bachillerato, nivel medio superior\u201d.<\/p><\/blockquote>\n\n\n\n<p>El funcionario se\u00f1al\u00f3 que este a\u00f1o se registr\u00f3 un incremento de septiembre en 109 por ciento en el n\u00famero de estudiantes y que esto representa un 9 por ciento arriba de lo esperado el a\u00f1o pasado.<\/p>\n","protected":false},"excerpt":{"rendered":"<p>Sam Ojeda | NV Noticias Xalapa. &#8211; El rector de la Universidad Popular Aut\u00f3noma de Veracruz (UPAV), Ome Tochtli M\u00e9ndez Ram\u00edrez, inform\u00f3 que prev\u00e9n regresar a clases presenciales en todas sus modalidades a partir de enero de 2022. Indic\u00f3 que con la disminuci\u00f3n de casos de COVID-19 en Veracruz y el avance en la campa\u00f1a [&hellip;]<\/p>\n","protected":false},"author":6,"featured_media":33974,"comment_status":"open","ping_status":"open","sticky":false,"template":"","format":"standard","meta":{"_monsterinsights_skip_tracking":false,"_monsterinsights_sitenote_active":false,"_monsterinsights_sitenote_note":"","_monsterinsights_sitenote_category":0,"footnotes":""},"categories":[156],"tags":[1632,7926],"class_list":["post-33972","post","type-post","status-publish","format-standard","has-post-thumbnail","hentry","category-estado","tag-clases","tag-upav","wp-image-borders"],"amp_enabled":true,"_links":{"self":[{"href":"https:\/\/nvnoticias.mx\/index.php\/wp-json\/wp\/v2\/posts\/33972","targetHints":{"allow":["GET"]}}],"collection":[{"href":"https:\/\/nvnoticias.mx\/index.php\/wp-json\/wp\/v2\/posts"}],"about":[{"href":"https:\/\/nvnoticias.mx\/index.php\/wp-json\/wp\/v2\/types\/post"}],"author":[{"embeddable":true,"href":"https:\/\/nvnoticias.mx\/index.php\/wp-json\/wp\/v2\/users\/6"}],"replies":[{"embeddable":true,"href":"https:\/\/nvnoticias.mx\/index.php\/wp-json\/wp\/v2\/comments?post=33972"}],"version-history":[{"count":1,"href":"https:\/\/nvnoticias.mx\/index.php\/wp-json\/wp\/v2\/posts\/33972\/revisions"}],"predecessor-version":[{"id":33973,"href":"https:\/\/nvnoticias.mx\/index.php\/wp-json\/wp\/v2\/posts\/33972\/revisions\/33973"}],"wp:featuredmedia":[{"embeddable":true,"href":"https:\/\/nvnoticias.mx\/index.php\/wp-json\/wp\/v2\/media\/33974"}],"wp:attachment":[{"href":"https:\/\/nvnoticias.mx\/index.php\/wp-json\/wp\/v2\/media?parent=33972"}],"wp:term":[{"taxonomy":"category","embeddable":true,"href":"https:\/\/nvnoticias.mx\/index.php\/wp-json\/wp\/v2\/categories?post=33972"},{"taxonomy":"post_tag","embeddable":true,"href":"https:\/\/nvnoticias.mx\/index.php\/wp-json\/wp\/v2\/tags?post=33972"}],"curies":[{"name":"wp","href":"https:\/\/api.w.org\/{rel}","templated":true}]}}