{"id":33931,"date":"2021-12-11T10:26:00","date_gmt":"2021-12-11T16:26:00","guid":{"rendered":"https:\/\/nvnoticias.mx\/?p=33931"},"modified":"2021-12-15T10:26:48","modified_gmt":"2021-12-15T16:26:48","slug":"anabel-emma-y-las-demas","status":"publish","type":"post","link":"https:\/\/nvnoticias.mx\/index.php\/2021\/12\/11\/anabel-emma-y-las-demas\/","title":{"rendered":"Anabel, Emma y las dem\u00e1s"},"content":{"rendered":"\n<p>El reciente libro publicado por Anabel Hern\u00e1ndez, titulado \u201cEmma y las mujeres del narco\u201d, -el cual fue presentado en la Feria Internacional del Libro de Guadalajara-, ha creado gran controversia a partir de la amenaza de varias de las figuras p\u00fablicas que son citadas en esta obra, de demandar jur\u00eddicamente a la autora por el da\u00f1o a su reputaci\u00f3n personal, a partir de la presunci\u00f3n de haber estado ligadas sentimentalmente a alg\u00fan l\u00edder del narcotr\u00e1fico.<\/p>\n\n\n\n<p>Este no es un asunto menor, pues pone en evidencia la contraposici\u00f3n de derechos que hoy existe en M\u00e9xico. Por una parte, el derecho a la libertad de expresi\u00f3n y adem\u00e1s, se suma a este el derecho a la informaci\u00f3n que asiste a la sociedad. En contraposici\u00f3n a ambos, el derecho que todos tenemos a poseer un nombre honorable.<\/p>\n\n\n\n<p>Sin embargo, el contexto social y pol\u00edtico ha cambiado desde unos pocos a\u00f1os bajo el impacto de la tecnolog\u00eda y las redes sociales, que han modificado nuestro estilo de vida y valores. Nos hemos convertido en una sociedad morbosa respecto a las vidas ajenas y exhibicionista respecto a la propia.<\/p>\n\n\n\n<p>Sin embargo, la huella digital que vamos dejando en la Web respecto a nuestra conducta, acciones y declaraciones, -con plena intenci\u00f3n unas veces, pero sin conciencia otras- es lo que aparece cuando alguien investiga nuestra vida p\u00fablica, pero a veces aparece tambi\u00e9n lo privado sin nuestro consentimiento.<\/p>\n\n\n\n<p>Todos vamos dejando esta huella, pero la de las personas p\u00fablicas representa una curiosidad morbosa, como sucede hoy con la vida de las grandes figuras del espect\u00e1culo, el deporte, la cultura y la \u201csocialit\u00e9\u201d.<\/p>\n\n\n\n<p>Sin embargo, tambi\u00e9n hay intereses que persiguen un objetivo pol\u00edtico o gubernamental poniendo al descubierto intimidades de sus competidores o adversarios.<\/p>\n\n\n\n<p>Este libro realizado por Anabel Hern\u00e1ndez seguramente no persegu\u00eda a figuras del espect\u00e1culo, sino de la delincuencia organizada. Sin embargo, en el desarrollo de esta investigaci\u00f3n tangencialmente se fue encontrando, -dentro de las historias \u00edntimas de personajes emblem\u00e1ticos del crimen organizado-, con figuras femeninas de alto valor medi\u00e1tico, circunstancia que hoy impulsa comercialmente a ese libro convertido ya en best seller.<\/p>\n\n\n\n<p>Quienes en alguna \u00e9poca de nuestra trayectoria profesional hemos conocido por dentro la industria del entretenimiento, hemos sido testigos de la fascinaci\u00f3n que ejercen las grandes figuras del espect\u00e1culo entre los pol\u00edticos y en general, entre quienes ejercen poder, tanto econ\u00f3mico, como influencia, como sucede dentro del mundo del \u201cnarco\u201d. El mundo de los poderosos y el del espect\u00e1culo se juntan.<\/p>\n\n\n\n<p>Considerando la posibilidad de que los hechos difundidos por este libro sean reales y verdaderos desde la perspectiva objetiva, se pone en evidencia qu\u00e9 tan delgada es la membrana que sirve de frontera entre el derecho a la libertad de expresi\u00f3n sumado \u00e9ste al derecho a la informaci\u00f3n, comparados ambos contra el derecho a la privacidad, lo cual hace legalmente v\u00e1lidos moralmente ambos derechos.<\/p>\n\n\n\n<p>Otra variable que se debe considerar es que no es lo mismo que el sujeto sea oficialmente persona p\u00fablica, a que sea un ciudadano an\u00f3nimo. Si bien no es determinante este factor, si termina dando contexto a la interpretaci\u00f3n.<\/p>\n\n\n\n<p>Las personas p\u00fablicas de la pol\u00edtica, el espect\u00e1culo, deporte y otros \u00e1mbitos equivalentes, son las m\u00e1s expuestas a esta exhibici\u00f3n medi\u00e1tica y a las redes sociales, pues su presencia es de inter\u00e9s p\u00fablico.<\/p>\n\n\n\n<p>Sin embargo, el problema viene cuando un hecho publicado o difundido es falso, o siendo ver\u00eddico es manejado tendenciosamente para darle una interpretaci\u00f3n que termine generando reacciones p\u00fablicas adversas hacia el sujeto, sea persona f\u00edsica, instituci\u00f3n o empresa privada o p\u00fablica.<\/p>\n\n\n\n<p>Este fen\u00f3meno de difusi\u00f3n medi\u00e1tica no s\u00f3lo es privativo del \u00e1mbito editorial, sino que hoy sucede principalmente en la pol\u00edtica y los intereses de gobierno.<\/p>\n\n\n\n<p>Como parte de este fen\u00f3meno que vulnera la reputaci\u00f3n de personas, instituciones y empresas, vemos como desde lo m\u00e1s alto del poder pol\u00edtico y gubernamental se califica a actores p\u00fablicos con etiquetas que generan escarnio colectivo.<\/p>\n\n\n\n<p>Hoy M\u00e9xico tiene el privilegio de haber sido el primer pa\u00eds del mundo que cuenta con una \u201cFiscal\u00eda de la verdad\u201d, que semanalmente juzga y dictamina qu\u00e9 es mentira o verdad en el \u00e1mbito informativo, llevando el respaldo presidencial. Seguramente esta ser\u00e1 una nueva aportaci\u00f3n que M\u00e9xico promover\u00e1 ante la comunidad internacional.<\/p>\n\n\n\n<p>La reputaci\u00f3n hoy se manosea sin consecuencias, con adjetivos calificativos, sin que se aporten las pruebas contundentes que soporten los se\u00f1alamientos.<\/p>\n\n\n\n<p>A su vez, si virtualmente desde el gobierno ya se conform\u00f3 la \u201cFiscal\u00eda de la verdad\u201d, que representa un inequitativo ejercicio de poder en contra de adversarios, la sociedad debiese promover la creaci\u00f3n de un modelo de \u201cOmbudsperson de la reputaci\u00f3n\u201d, de car\u00e1cter ciudadano, equivalente a la CNDH.<\/p>\n\n\n\n<p>Sin embargo, Lo anterior s\u00f3lo nos muestra la necesidad de legislar sobre estos temas para dar certeza y alcance a los diversos derechos que convergen en este fen\u00f3meno psicosocial y pol\u00edtico.<\/p>\n\n\n\n<p>En la industria del espect\u00e1culo ser exhibido p\u00fablicamente generalmente es compensado con rating y mayor fama, pero en las empresas provoca da\u00f1o a su mercado, si es a las instituciones impacta credibilidad y si fuese a las personas, en su honorabilidad y buen nombre.<\/p>\n\n\n\n<p>Es necesario generar un debate sobre estos temas, que lleve a legislar en busca de equilibrios entre los derechos en conflicto.<\/p>\n\n\n\n<p>PRISI\u00d3N PREVENTIVA OFICIOSA<\/p>\n\n\n\n<p>La jueza Mar\u00eda del Roc\u00edo Morales Hern\u00e1ndez, en su participaci\u00f3n en el foro titulado \u201cL\u00edmites del Estado en la persecuci\u00f3n delictiva y su impacto en medios masivos de comunicaci\u00f3n\u201d organizado por la Escuela Libre de Derecho, La Academia Mexicana de la Comunicaci\u00f3n y la Coalici\u00f3n por el Estado de Derecho, mostr\u00f3 c\u00f3mo la prisi\u00f3n preventiva oficiosa utilizada cotidianamente y no como excepci\u00f3n, tiene graves consecuencias, pues es la causante de graves injusticias porque estimula que se realicen investigaciones superficiales y no exhaustivas para determinar la inocencia o<\/p>\n\n\n\n<p>culpabilidad del indiciado, pues si ya se encuentra en poder de la autoridad estimula la tentaci\u00f3n de presionarlo psicol\u00f3gicamente, o incluso bajo tortura, para que acepte los cargos.<\/p>\n\n\n\n<p>Por tanto, podr\u00edamos concluir que la prisi\u00f3n preventiva oficiosa debe regresar a su esp\u00edritu original y volver a ser un recurso jur\u00eddico de excepci\u00f3n, para obligar a la realizaci\u00f3n de investigaciones justas y as\u00ed eliminar condiciones que permitan a autoridades sin escr\u00fapulos recurrir a la tortura.<\/p>\n\n\n\n<p>\u00bfA usted qu\u00e9 le parece?<\/p>\n\n\n\n<p>Facebook: @Ricardo.Homs1<\/p>\n\n\n\n<p>Twitter: @homsricardo<\/p>\n\n\n\n<p>Linkedin: Ricardo Homs<\/p>\n\n\n\n<p>www.ricardohoms.com<\/p>\n","protected":false},"excerpt":{"rendered":"<p>El reciente libro publicado por Anabel Hern\u00e1ndez, titulado \u201cEmma y las mujeres del narco\u201d, -el cual fue presentado en la Feria Internacional del Libro de Guadalajara-, ha creado gran controversia a partir de la amenaza de varias de las figuras p\u00fablicas que son citadas en esta obra, de demandar jur\u00eddicamente a la autora por el [&hellip;]<\/p>\n","protected":false},"author":18,"featured_media":33933,"comment_status":"open","ping_status":"open","sticky":false,"template":"","format":"standard","meta":{"_monsterinsights_skip_tracking":false,"_monsterinsights_sitenote_active":false,"_monsterinsights_sitenote_note":"","_monsterinsights_sitenote_category":0,"footnotes":""},"categories":[246],"tags":[173],"class_list":["post-33931","post","type-post","status-publish","format-standard","has-post-thumbnail","hentry","category-ricardo-homs","tag-ricardo-homs","wp-image-borders"],"amp_enabled":true,"_links":{"self":[{"href":"https:\/\/nvnoticias.mx\/index.php\/wp-json\/wp\/v2\/posts\/33931","targetHints":{"allow":["GET"]}}],"collection":[{"href":"https:\/\/nvnoticias.mx\/index.php\/wp-json\/wp\/v2\/posts"}],"about":[{"href":"https:\/\/nvnoticias.mx\/index.php\/wp-json\/wp\/v2\/types\/post"}],"author":[{"embeddable":true,"href":"https:\/\/nvnoticias.mx\/index.php\/wp-json\/wp\/v2\/users\/18"}],"replies":[{"embeddable":true,"href":"https:\/\/nvnoticias.mx\/index.php\/wp-json\/wp\/v2\/comments?post=33931"}],"version-history":[{"count":1,"href":"https:\/\/nvnoticias.mx\/index.php\/wp-json\/wp\/v2\/posts\/33931\/revisions"}],"predecessor-version":[{"id":33934,"href":"https:\/\/nvnoticias.mx\/index.php\/wp-json\/wp\/v2\/posts\/33931\/revisions\/33934"}],"wp:featuredmedia":[{"embeddable":true,"href":"https:\/\/nvnoticias.mx\/index.php\/wp-json\/wp\/v2\/media\/33933"}],"wp:attachment":[{"href":"https:\/\/nvnoticias.mx\/index.php\/wp-json\/wp\/v2\/media?parent=33931"}],"wp:term":[{"taxonomy":"category","embeddable":true,"href":"https:\/\/nvnoticias.mx\/index.php\/wp-json\/wp\/v2\/categories?post=33931"},{"taxonomy":"post_tag","embeddable":true,"href":"https:\/\/nvnoticias.mx\/index.php\/wp-json\/wp\/v2\/tags?post=33931"}],"curies":[{"name":"wp","href":"https:\/\/api.w.org\/{rel}","templated":true}]}}