{"id":33804,"date":"2021-12-14T09:56:16","date_gmt":"2021-12-14T15:56:16","guid":{"rendered":"https:\/\/nvnoticias.mx\/?p=33804"},"modified":"2021-12-14T09:56:17","modified_gmt":"2021-12-14T15:56:17","slug":"nominan-a-veracruzanos-al-premio-cesar-vallejo-2021","status":"publish","type":"post","link":"https:\/\/nvnoticias.mx\/index.php\/2021\/12\/14\/nominan-a-veracruzanos-al-premio-cesar-vallejo-2021\/","title":{"rendered":"Nominan a veracruzanos al premio &#8220;Cesar Vallejo 2021&#8221;"},"content":{"rendered":"\n<p>La Uni\u00f3n Hispano mundial de Escritores desde Per\u00fa realiz\u00f3 el anuncio de los galardonados del Reconocimiento Internacional de Excelencia &#8220;Cesar Vallejo 2021&#8221; en su modalidades literaria, cultural, art\u00edstica, c\u00edvica, televisiva, period\u00edstica y human\u00edstica entre otras.<\/p>\n\n\n\n<p>Orgullo para nuestra ciudad que entre los nominados se encuentren veracruzanos y veracruzanas distinguidos entre los que destacan en\u00a0\u00a0Excelencia Cultural:\u00a0J<strong>annette Eureka Tiburcio, Ivonne Moreno Uscanga y Miguel Salvador Rodr\u00edguez Azueta<\/strong>.<\/p>\n\n\n\n<p>Excelencia art\u00edstica se realiza una entrega p\u00f3stuma al maestro Nestor Andrade y en excelencia&nbsp;Period\u00edstica a Ricardo Homs.<\/p>\n\n\n\n<p>Dichos reconocimientos fueron anunciados por el Presidente del Jurado Luis Yaco Ormachea M\u00e9ndez .<\/p>\n\n\n\n<p>Cabe destacar que el reconocido poeta y periodista Dr. Carlos Garrido Chalen es el presidente ejecutivo y fundador de la Uni\u00f3n Hispano mundial de Escritores.<\/p>\n","protected":false},"excerpt":{"rendered":"<p>La Uni\u00f3n Hispano mundial de Escritores desde Per\u00fa realiz\u00f3 el anuncio de los galardonados del Reconocimiento Internacional de Excelencia &#8220;Cesar Vallejo 2021&#8221; en su modalidades literaria, cultural, art\u00edstica, c\u00edvica, televisiva, period\u00edstica y human\u00edstica entre otras. Orgullo para nuestra ciudad que entre los nominados se encuentren veracruzanos y veracruzanas distinguidos entre los que destacan en\u00a0\u00a0Excelencia Cultural:\u00a0Jannette [&hellip;]<\/p>\n","protected":false},"author":6,"featured_media":33805,"comment_status":"open","ping_status":"open","sticky":false,"template":"","format":"standard","meta":{"_monsterinsights_skip_tracking":false,"_monsterinsights_sitenote_active":false,"_monsterinsights_sitenote_note":"","_monsterinsights_sitenote_category":0,"footnotes":""},"categories":[154],"tags":[7878],"class_list":["post-33804","post","type-post","status-publish","format-standard","has-post-thumbnail","hentry","category-veracruz","tag-cesar-vallejo-2021","wp-image-borders"],"amp_enabled":true,"_links":{"self":[{"href":"https:\/\/nvnoticias.mx\/index.php\/wp-json\/wp\/v2\/posts\/33804","targetHints":{"allow":["GET"]}}],"collection":[{"href":"https:\/\/nvnoticias.mx\/index.php\/wp-json\/wp\/v2\/posts"}],"about":[{"href":"https:\/\/nvnoticias.mx\/index.php\/wp-json\/wp\/v2\/types\/post"}],"author":[{"embeddable":true,"href":"https:\/\/nvnoticias.mx\/index.php\/wp-json\/wp\/v2\/users\/6"}],"replies":[{"embeddable":true,"href":"https:\/\/nvnoticias.mx\/index.php\/wp-json\/wp\/v2\/comments?post=33804"}],"version-history":[{"count":1,"href":"https:\/\/nvnoticias.mx\/index.php\/wp-json\/wp\/v2\/posts\/33804\/revisions"}],"predecessor-version":[{"id":33806,"href":"https:\/\/nvnoticias.mx\/index.php\/wp-json\/wp\/v2\/posts\/33804\/revisions\/33806"}],"wp:featuredmedia":[{"embeddable":true,"href":"https:\/\/nvnoticias.mx\/index.php\/wp-json\/wp\/v2\/media\/33805"}],"wp:attachment":[{"href":"https:\/\/nvnoticias.mx\/index.php\/wp-json\/wp\/v2\/media?parent=33804"}],"wp:term":[{"taxonomy":"category","embeddable":true,"href":"https:\/\/nvnoticias.mx\/index.php\/wp-json\/wp\/v2\/categories?post=33804"},{"taxonomy":"post_tag","embeddable":true,"href":"https:\/\/nvnoticias.mx\/index.php\/wp-json\/wp\/v2\/tags?post=33804"}],"curies":[{"name":"wp","href":"https:\/\/api.w.org\/{rel}","templated":true}]}}