{"id":33776,"date":"2021-12-13T15:41:59","date_gmt":"2021-12-13T21:41:59","guid":{"rendered":"https:\/\/nvnoticias.mx\/?p=33776"},"modified":"2021-12-13T15:41:59","modified_gmt":"2021-12-13T21:41:59","slug":"confirma-sev-refuerzo-de-vacuna-contra-el-covid-19-para-maestros","status":"publish","type":"post","link":"https:\/\/nvnoticias.mx\/index.php\/2021\/12\/13\/confirma-sev-refuerzo-de-vacuna-contra-el-covid-19-para-maestros\/","title":{"rendered":"Confirma SEV refuerzo de vacuna contra el covid-19 para maestros"},"content":{"rendered":"\n<p><strong>Sam Ojeda | NV Noticias<\/strong>&nbsp;<\/p>\n\n\n\n<p>Xalapa. &#8211; Se aplicar\u00e1 la vacuna de refuerzo contra el covid-19 para el sector educativo, se\u00f1al\u00f3 el secretario de Educaci\u00f3n de Veracruz,&nbsp;Zenyazen&nbsp;Escobar Garc\u00eda.&nbsp;<\/p>\n\n\n\n<p>El funcionario aclar\u00f3 que no se cuenta con la fecha espec\u00edfica para el inicio de la aplicaci\u00f3n del biol\u00f3gico dado que eso lo dar\u00e1 a conocer la autoridad de salud.&nbsp;&nbsp;<\/p>\n\n\n\n<blockquote class=\"wp-block-quote is-layout-flow wp-block-quote-is-layout-flow\"><p>&#8220;Hoy en d\u00eda se dice que se nos va a dar, hay buen \u00e1nimo de parte de maestras y maestros. Ya andamos viendo c\u00f3mo va a ser todo el procedimiento, toda la ruta log\u00edstica para realizar esta vacuna a los compa\u00f1eros\u201d.\u00a0<\/p><\/blockquote>\n\n\n\n<p>Escobar Garc\u00eda insisti\u00f3 en que la idea es que se logre aplicar el refuerzo a m\u00e1s de 180 mil trabajadores, tanto maestros como personal administrativo.&nbsp;&nbsp;<\/p>\n\n\n\n<p>A\u00f1adi\u00f3 que actualmente existen m\u00e1s de 16 mil planteles que est\u00e1n en clases presenciales, pero la apuesta es llegar a los 24 mil, es decir, la totalidad de escuelas a partir del pr\u00f3ximo a\u00f1o.&nbsp;<\/p>\n\n\n\n<blockquote class=\"wp-block-quote is-layout-flow wp-block-quote-is-layout-flow\"><p>&#8220;Regresar en su totalidad las 24 mil escuelas no quiere decir que ya de lunes a viernes los grupos ir\u00e1n diario, esto es de manera escalonada, se tienen que organizar los docentes, directivos, los estudiantes para hacer esta ruta para algo que ha es muy necesario&#8221;.\u00a0<\/p><\/blockquote>\n","protected":false},"excerpt":{"rendered":"<p>Sam Ojeda | NV Noticias&nbsp; Xalapa. &#8211; Se aplicar\u00e1 la vacuna de refuerzo contra el covid-19 para el sector educativo, se\u00f1al\u00f3 el secretario de Educaci\u00f3n de Veracruz,&nbsp;Zenyazen&nbsp;Escobar Garc\u00eda.&nbsp; El funcionario aclar\u00f3 que no se cuenta con la fecha espec\u00edfica para el inicio de la aplicaci\u00f3n del biol\u00f3gico dado que eso lo dar\u00e1 a conocer la [&hellip;]<\/p>\n","protected":false},"author":6,"featured_media":8485,"comment_status":"open","ping_status":"open","sticky":false,"template":"","format":"standard","meta":{"_monsterinsights_skip_tracking":false,"_monsterinsights_sitenote_active":false,"_monsterinsights_sitenote_note":"","_monsterinsights_sitenote_category":0,"footnotes":""},"categories":[156],"tags":[175,635,162,1001,217],"class_list":["post-33776","post","type-post","status-publish","format-standard","has-post-thumbnail","hentry","category-estado","tag-covid-19","tag-maestros","tag-portada","tag-sev","tag-vacuna","wp-image-borders"],"amp_enabled":true,"_links":{"self":[{"href":"https:\/\/nvnoticias.mx\/index.php\/wp-json\/wp\/v2\/posts\/33776","targetHints":{"allow":["GET"]}}],"collection":[{"href":"https:\/\/nvnoticias.mx\/index.php\/wp-json\/wp\/v2\/posts"}],"about":[{"href":"https:\/\/nvnoticias.mx\/index.php\/wp-json\/wp\/v2\/types\/post"}],"author":[{"embeddable":true,"href":"https:\/\/nvnoticias.mx\/index.php\/wp-json\/wp\/v2\/users\/6"}],"replies":[{"embeddable":true,"href":"https:\/\/nvnoticias.mx\/index.php\/wp-json\/wp\/v2\/comments?post=33776"}],"version-history":[{"count":1,"href":"https:\/\/nvnoticias.mx\/index.php\/wp-json\/wp\/v2\/posts\/33776\/revisions"}],"predecessor-version":[{"id":33777,"href":"https:\/\/nvnoticias.mx\/index.php\/wp-json\/wp\/v2\/posts\/33776\/revisions\/33777"}],"wp:featuredmedia":[{"embeddable":true,"href":"https:\/\/nvnoticias.mx\/index.php\/wp-json\/wp\/v2\/media\/8485"}],"wp:attachment":[{"href":"https:\/\/nvnoticias.mx\/index.php\/wp-json\/wp\/v2\/media?parent=33776"}],"wp:term":[{"taxonomy":"category","embeddable":true,"href":"https:\/\/nvnoticias.mx\/index.php\/wp-json\/wp\/v2\/categories?post=33776"},{"taxonomy":"post_tag","embeddable":true,"href":"https:\/\/nvnoticias.mx\/index.php\/wp-json\/wp\/v2\/tags?post=33776"}],"curies":[{"name":"wp","href":"https:\/\/api.w.org\/{rel}","templated":true}]}}