{"id":33770,"date":"2021-12-13T13:32:37","date_gmt":"2021-12-13T19:32:37","guid":{"rendered":"https:\/\/nvnoticias.mx\/?p=33770"},"modified":"2021-12-13T13:44:17","modified_gmt":"2021-12-13T19:44:17","slug":"xalapa-podria-adherirse-a-convenio-con-gobierno-del-estado-para-cobro-de-predial","status":"publish","type":"post","link":"https:\/\/nvnoticias.mx\/index.php\/2021\/12\/13\/xalapa-podria-adherirse-a-convenio-con-gobierno-del-estado-para-cobro-de-predial\/","title":{"rendered":"Xalapa podr\u00eda adherirse a convenio con Gobierno del estado para cobro de predial"},"content":{"rendered":"\n<p><strong>Sam Ojeda | NV Noticias<\/strong><\/p>\n\n\n\n<p>Xalapa.- El presidente municipal electo de Xalapa, Ricardo Ahued Bardahuil, se\u00f1al\u00f3 que est\u00e1 interesado en adherirse al convenio con la Secretar\u00eda de Finanzas y Planeaci\u00f3n (Sefiplan) para que esta dependencia del estado los apoye en el cobro del impuesto predial.<\/p>\n\n\n\n<p>Entrevistado a su llegada a la comparencia del gobernador Cuitl\u00e1huac Garc\u00eda Jim\u00e9nez en el Congreso local, el alcalde indic\u00f3 que lo revisar\u00e1 una vez que llegue al cargo dado que le permitir\u00eda al municipio acceder a recursos adicionales por parte del Fondo para el Fortalecimiento de los Municipios.<\/p>\n\n\n\n<blockquote class=\"wp-block-quote is-layout-flow wp-block-quote-is-layout-flow\"><p>\u201cEstamos revisando. Lo vamos a evaluar para poder adherirnos porque te dan m\u00e1s recursos, n quiere decir que el estado se va a quedar con el pres\u00eddala, en coas de 24 horas te depositan el predial\u201d.<\/p><\/blockquote>\n\n\n\n<p>Dijo que la ventaja de adherirse a este convenio radica en que los usuarios pueden usar la plataforma digital del Gobierno del estado para el pago de este impuesto, tomando en cuenta que los canales de la administraci\u00f3n estatal \u201ces c\u00f3moda y m\u00e1s amplia\u201d.<\/p>\n\n\n\n<p>Ahued Bardahuil consider\u00f3 que este mecanismo podr\u00eda beneficiar al municipio y que por ello analizar\u00e1n el tema una vez que llegue al cargo a partir del 1 de enero.<\/p>\n\n\n\n<blockquote class=\"wp-block-quote is-layout-flow wp-block-quote-is-layout-flow\"><p>\u201cTodo esto llega a beneficiar el fortalecimiento de los ingresos timbrados del estado y municipio. Llegando lo haremos respetando a la actual administraci\u00f3n, estaremos con Finanzas viendo el acuerdo para poder accesar\u201d.<\/p><\/blockquote>\n","protected":false},"excerpt":{"rendered":"<p>Sam Ojeda | NV Noticias Xalapa.- El presidente municipal electo de Xalapa, Ricardo Ahued Bardahuil, se\u00f1al\u00f3 que est\u00e1 interesado en adherirse al convenio con la Secretar\u00eda de Finanzas y Planeaci\u00f3n (Sefiplan) para que esta dependencia del estado los apoye en el cobro del impuesto predial. Entrevistado a su llegada a la comparencia del gobernador Cuitl\u00e1huac [&hellip;]<\/p>\n","protected":false},"author":6,"featured_media":13488,"comment_status":"open","ping_status":"open","sticky":false,"template":"","format":"standard","meta":{"_monsterinsights_skip_tracking":false,"_monsterinsights_sitenote_active":false,"_monsterinsights_sitenote_note":"","_monsterinsights_sitenote_category":0,"footnotes":""},"categories":[156],"tags":[1049,1268,312],"class_list":["post-33770","post","type-post","status-publish","format-standard","has-post-thumbnail","hentry","category-estado","tag-gobierno-del-estado","tag-predial","tag-xalapa","wp-image-borders"],"amp_enabled":true,"_links":{"self":[{"href":"https:\/\/nvnoticias.mx\/index.php\/wp-json\/wp\/v2\/posts\/33770","targetHints":{"allow":["GET"]}}],"collection":[{"href":"https:\/\/nvnoticias.mx\/index.php\/wp-json\/wp\/v2\/posts"}],"about":[{"href":"https:\/\/nvnoticias.mx\/index.php\/wp-json\/wp\/v2\/types\/post"}],"author":[{"embeddable":true,"href":"https:\/\/nvnoticias.mx\/index.php\/wp-json\/wp\/v2\/users\/6"}],"replies":[{"embeddable":true,"href":"https:\/\/nvnoticias.mx\/index.php\/wp-json\/wp\/v2\/comments?post=33770"}],"version-history":[{"count":1,"href":"https:\/\/nvnoticias.mx\/index.php\/wp-json\/wp\/v2\/posts\/33770\/revisions"}],"predecessor-version":[{"id":33771,"href":"https:\/\/nvnoticias.mx\/index.php\/wp-json\/wp\/v2\/posts\/33770\/revisions\/33771"}],"wp:featuredmedia":[{"embeddable":true,"href":"https:\/\/nvnoticias.mx\/index.php\/wp-json\/wp\/v2\/media\/13488"}],"wp:attachment":[{"href":"https:\/\/nvnoticias.mx\/index.php\/wp-json\/wp\/v2\/media?parent=33770"}],"wp:term":[{"taxonomy":"category","embeddable":true,"href":"https:\/\/nvnoticias.mx\/index.php\/wp-json\/wp\/v2\/categories?post=33770"},{"taxonomy":"post_tag","embeddable":true,"href":"https:\/\/nvnoticias.mx\/index.php\/wp-json\/wp\/v2\/tags?post=33770"}],"curies":[{"name":"wp","href":"https:\/\/api.w.org\/{rel}","templated":true}]}}