{"id":33745,"date":"2021-12-13T12:06:56","date_gmt":"2021-12-13T18:06:56","guid":{"rendered":"https:\/\/nvnoticias.mx\/?p=33745"},"modified":"2021-12-13T12:06:57","modified_gmt":"2021-12-13T18:06:57","slug":"propone-enrique-santos-realizar-la-semana-de-la-movilidad-y-seguridad-vial","status":"publish","type":"post","link":"https:\/\/nvnoticias.mx\/index.php\/2021\/12\/13\/propone-enrique-santos-realizar-la-semana-de-la-movilidad-y-seguridad-vial\/","title":{"rendered":"Propone Enrique Santos realizar la Semana de la Movilidad y Seguridad Vial"},"content":{"rendered":"\n<p><strong>Jes\u00fas Utrilla | NV Noticias<\/strong><\/p>\n\n\n\n<p>De acuerdo a la Organizaci\u00f3n Mundial de la Salud (OMS) cada 24 segundos una persona en el mundo fallece a causa de un accidente de tr\u00e1nsito y cada a\u00f1o pierden la vida aproximadamente 1.3 millones de personas como consecuencia de los siniestros.<div><br>Sin embargo, Veracruz es la onceava entidad federativa con este tipo de consecuencias por manejar sin precauci\u00f3n, se\u00f1al\u00f3 Enrique Santos Mendoza, presidente de la Comisi\u00f3n de Transporte, Tr\u00e1nsito y Vialidad en el Congreso local.<\/div><\/p>\n\n\n\n<p><div>El legislador propuso que se organice la Semana de la Movilidad y Seguridad Vial, con la realizaci\u00f3n de campa\u00f1as, conferencias, seminarios, foros consultivos y cursos, entre otras actividades, encaminadas a generar conciencia sobre la prevenci\u00f3n de accidentes.<br>Su propuesta de iniciativa adiciona un quinto p\u00e1rrafo al Art\u00edculo 61 del Reglamento para el Gobierno Interior del Poder Legislativo.<\/div><\/p>\n\n\n\n<p><div><br>plantea que estas actividades se desarrollen en la tercera semana de cada mayo, y deber\u00e1n estar avaladas bajo el lema que emita anticipadamente la Organizaci\u00f3n de las Naciones Unidas (ONU) para conmemorar la Semana Mundial de las Naciones Unidas para la Seguridad Vial en el a\u00f1o que se trate.<\/div><\/p>\n\n\n\n<p><div>Y es que tan solo este a\u00f1o suscitaron cerca de 10 mil 395 accidentes viales en el Estado de Veracruz con consecuencias fatales.<\/div><\/p>\n\n\n\n<p><div>El diputado present\u00f3 la iniciativa para instaurar la Semana de la Movilidad y la Seguridad Vial, a realizarse cada a\u00f1o a fin de promover una mayor conciencia y precauci\u00f3n al conducir cualquier veh\u00edculo automotor.<\/div><\/p>\n","protected":false},"excerpt":{"rendered":"<p>Jes\u00fas Utrilla | NV Noticias De acuerdo a la Organizaci\u00f3n Mundial de la Salud (OMS) cada 24 segundos una persona en el mundo fallece a causa de un accidente de tr\u00e1nsito y cada a\u00f1o pierden la vida aproximadamente 1.3 millones de personas como consecuencia de los siniestros. Sin embargo, Veracruz es la onceava entidad federativa [&hellip;]<\/p>\n","protected":false},"author":6,"featured_media":33748,"comment_status":"open","ping_status":"open","sticky":false,"template":"","format":"standard","meta":{"_monsterinsights_skip_tracking":false,"_monsterinsights_sitenote_active":false,"_monsterinsights_sitenote_note":"","_monsterinsights_sitenote_category":0,"footnotes":""},"categories":[154],"tags":[3944,7871],"class_list":["post-33745","post","type-post","status-publish","format-standard","has-post-thumbnail","hentry","category-veracruz","tag-movilidad","tag-seguridad-vial","wp-image-borders"],"amp_enabled":true,"_links":{"self":[{"href":"https:\/\/nvnoticias.mx\/index.php\/wp-json\/wp\/v2\/posts\/33745","targetHints":{"allow":["GET"]}}],"collection":[{"href":"https:\/\/nvnoticias.mx\/index.php\/wp-json\/wp\/v2\/posts"}],"about":[{"href":"https:\/\/nvnoticias.mx\/index.php\/wp-json\/wp\/v2\/types\/post"}],"author":[{"embeddable":true,"href":"https:\/\/nvnoticias.mx\/index.php\/wp-json\/wp\/v2\/users\/6"}],"replies":[{"embeddable":true,"href":"https:\/\/nvnoticias.mx\/index.php\/wp-json\/wp\/v2\/comments?post=33745"}],"version-history":[{"count":1,"href":"https:\/\/nvnoticias.mx\/index.php\/wp-json\/wp\/v2\/posts\/33745\/revisions"}],"predecessor-version":[{"id":33749,"href":"https:\/\/nvnoticias.mx\/index.php\/wp-json\/wp\/v2\/posts\/33745\/revisions\/33749"}],"wp:featuredmedia":[{"embeddable":true,"href":"https:\/\/nvnoticias.mx\/index.php\/wp-json\/wp\/v2\/media\/33748"}],"wp:attachment":[{"href":"https:\/\/nvnoticias.mx\/index.php\/wp-json\/wp\/v2\/media?parent=33745"}],"wp:term":[{"taxonomy":"category","embeddable":true,"href":"https:\/\/nvnoticias.mx\/index.php\/wp-json\/wp\/v2\/categories?post=33745"},{"taxonomy":"post_tag","embeddable":true,"href":"https:\/\/nvnoticias.mx\/index.php\/wp-json\/wp\/v2\/tags?post=33745"}],"curies":[{"name":"wp","href":"https:\/\/api.w.org\/{rel}","templated":true}]}}