{"id":33744,"date":"2021-12-13T12:08:31","date_gmt":"2021-12-13T18:08:31","guid":{"rendered":"https:\/\/nvnoticias.mx\/?p=33744"},"modified":"2021-12-13T12:08:31","modified_gmt":"2021-12-13T18:08:31","slug":"se-llevara-a-cabo-la-caravana-luces-de-navidad","status":"publish","type":"post","link":"https:\/\/nvnoticias.mx\/index.php\/2021\/12\/13\/se-llevara-a-cabo-la-caravana-luces-de-navidad\/","title":{"rendered":"El viernes 17 de diciembre se llevar\u00e1 a cabo la caravana Luces de Navidad"},"content":{"rendered":"\n<p><strong>Jes\u00fas Utrilla&nbsp;| NV Noticias<\/strong>&nbsp;<\/p>\n\n\n\n<p>Veracruz. \u2013&nbsp; El pr\u00f3ximo viernes 17 de diciembre se llevar\u00e1 a cabo por Veracruz y Boca Del R\u00edo la caravana \u201cLuces de Navidad\u201d.&nbsp;<\/p>\n\n\n\n<p>Miguel Blanco Grajales, integrante de la Asociaci\u00f3n Transforma al Mundo Veracruz, Exhort\u00f3 a los automovilistas a sumarse al movimiento, ya que se busca generar un mensaje de tranquilidad para todos los ciudadanos, a fin de concluir un a\u00f1o complicado e iniciar un 2022 con mejores condiciones.&nbsp;<\/p>\n\n\n\n<p>Los veh\u00edculos partir\u00e1n a las 18 horas desde el Fraccionamiento La Petrolera y recorrer\u00e1n la conurbaci\u00f3n.&nbsp;<\/p>\n\n\n\n<blockquote class=\"wp-block-quote is-layout-flow wp-block-quote-is-layout-flow\"><p>\u201cEs un mensaje de paz y esperanza para nuestra comunidad, expresando a trav\u00e9s de los veh\u00edculos que el verdadero significado de la navidad es Cristo Jes\u00fas\u201d.\u00a0<\/p><\/blockquote>\n\n\n\n<p>Quienes desean participar deben comunicarse al 2293734967, para su registro.&nbsp;<\/p>\n\n\n\n<p>No hay ninguna cuota que se deba pagar, por el contrario, ser\u00e1 una caravana ciudadana con la \u00fanica finalidad de expresar buenos deseos, uni\u00f3n y pasar un rato agradable.&nbsp;<\/p>\n\n\n\n<p>Ante el a\u00f1o complicado que se vivi\u00f3 y la adversa situaci\u00f3n por la emergencia sanitaria del coronavirus es necesario generar uni\u00f3n y llevar un mensaje positivo a los ciudadanos que permita transitar hacia un nuevo ciclo en el que haya recuperaci\u00f3n y m\u00e1s tranquilidad para todos.<\/p>\n","protected":false},"excerpt":{"rendered":"<p>Jes\u00fas Utrilla&nbsp;| NV Noticias&nbsp; Veracruz. \u2013&nbsp; El pr\u00f3ximo viernes 17 de diciembre se llevar\u00e1 a cabo por Veracruz y Boca Del R\u00edo la caravana \u201cLuces de Navidad\u201d.&nbsp; Miguel Blanco Grajales, integrante de la Asociaci\u00f3n Transforma al Mundo Veracruz, Exhort\u00f3 a los automovilistas a sumarse al movimiento, ya que se busca generar un mensaje de tranquilidad [&hellip;]<\/p>\n","protected":false},"author":6,"featured_media":33750,"comment_status":"open","ping_status":"open","sticky":false,"template":"","format":"standard","meta":{"_monsterinsights_skip_tracking":false,"_monsterinsights_sitenote_active":false,"_monsterinsights_sitenote_note":"","_monsterinsights_sitenote_category":0,"footnotes":""},"categories":[154],"tags":[7870],"class_list":["post-33744","post","type-post","status-publish","format-standard","has-post-thumbnail","hentry","category-veracruz","tag-luces-de-navidad","wp-image-borders"],"amp_enabled":true,"_links":{"self":[{"href":"https:\/\/nvnoticias.mx\/index.php\/wp-json\/wp\/v2\/posts\/33744","targetHints":{"allow":["GET"]}}],"collection":[{"href":"https:\/\/nvnoticias.mx\/index.php\/wp-json\/wp\/v2\/posts"}],"about":[{"href":"https:\/\/nvnoticias.mx\/index.php\/wp-json\/wp\/v2\/types\/post"}],"author":[{"embeddable":true,"href":"https:\/\/nvnoticias.mx\/index.php\/wp-json\/wp\/v2\/users\/6"}],"replies":[{"embeddable":true,"href":"https:\/\/nvnoticias.mx\/index.php\/wp-json\/wp\/v2\/comments?post=33744"}],"version-history":[{"count":1,"href":"https:\/\/nvnoticias.mx\/index.php\/wp-json\/wp\/v2\/posts\/33744\/revisions"}],"predecessor-version":[{"id":33751,"href":"https:\/\/nvnoticias.mx\/index.php\/wp-json\/wp\/v2\/posts\/33744\/revisions\/33751"}],"wp:featuredmedia":[{"embeddable":true,"href":"https:\/\/nvnoticias.mx\/index.php\/wp-json\/wp\/v2\/media\/33750"}],"wp:attachment":[{"href":"https:\/\/nvnoticias.mx\/index.php\/wp-json\/wp\/v2\/media?parent=33744"}],"wp:term":[{"taxonomy":"category","embeddable":true,"href":"https:\/\/nvnoticias.mx\/index.php\/wp-json\/wp\/v2\/categories?post=33744"},{"taxonomy":"post_tag","embeddable":true,"href":"https:\/\/nvnoticias.mx\/index.php\/wp-json\/wp\/v2\/tags?post=33744"}],"curies":[{"name":"wp","href":"https:\/\/api.w.org\/{rel}","templated":true}]}}