{"id":33507,"date":"2021-12-10T13:52:19","date_gmt":"2021-12-10T19:52:19","guid":{"rendered":"https:\/\/nvnoticias.mx\/?p=33507"},"modified":"2021-12-10T13:52:20","modified_gmt":"2021-12-10T19:52:20","slug":"citara-jucopo-de-la-camara-de-diputados-al-titular-del-inm-por-muerte-de-migrantes","status":"publish","type":"post","link":"https:\/\/nvnoticias.mx\/index.php\/2021\/12\/10\/citara-jucopo-de-la-camara-de-diputados-al-titular-del-inm-por-muerte-de-migrantes\/","title":{"rendered":"Citar\u00e1 Jucopo de la C\u00e1mara de Diputados al titular del INM por muerte de migrantes"},"content":{"rendered":"\n<p>El\u00a0<strong>presidente<\/strong>\u00a0de la\u00a0<strong>Junta de Coordinaci\u00f3n Pol\u00edtica<\/strong>\u00a0(Jucopo), de la\u00a0<strong>C\u00e1mara de Diputados<\/strong>,<strong>\u00a0Rub\u00e9n Moreira,<\/strong>\u00a0inform\u00f3 que en la pr\u00f3xima reuni\u00f3n de la Junta de Coordinaci\u00f3n Pol\u00edtica (Jucopo), a realizarse el lunes 13 de diciembre, propondr\u00e1 citar al titular del\u00a0<strong>Instituto Nacional de Migraci\u00f3n<\/strong>,\u00a0<strong>Francisco Gardu\u00f1o.<\/strong><\/p>\n\n\n\n<p>El objetivo, explic\u00f3, es que rinda cuentas ante los coordinadores parlamentarios, y ofrezca m\u00e1s detalles sobre los motivos por los que el chofer del tr\u00e1iler que gener\u00f3 la muerte de&nbsp;<strong>decenas de migrantes<\/strong>, logr\u00f3 pasar diversos retenes sin ser detenido.<\/p>\n\n\n\n<p>&#8220;Vendr\u00e1n inmediatamente puntualizaciones, y vamos a pedir a los integrantes de la\u00a0<strong>Junta de Coordinaci\u00f3n Pol\u00edtica\u00a0<\/strong>que vengan las autoridades de\u00a0<strong>migraci\u00f3n\u00a0<\/strong>a hablar con nosotros, as\u00ed como vino el fiscal, que muy pronto est\u00e9 con nosotros el titular de migraci\u00f3n y que tomemos una determinaci\u00f3n de si nos vamos a convertir en un dique de un flujo migratorio o c\u00f3mo se va a atender eso, y por otra parte la inseguridad, porque esto pasa tambi\u00e9n por la inseguridad, porque no es posible que pasen tres retenes sin que los detengan&#8221;, expres\u00f3.<\/p>\n\n\n\n<p>El diputado pri\u00edsta calific\u00f3 el accidente como una tragedia, y asegur\u00f3 que se deriva de una pol\u00edtica nula en la materia por parte del gobierno mexicano.<\/p>\n\n\n\n<p>&#8220;Ellos murieron porque la autoridad no les da una protecci\u00f3n debida, porque hay coyotes, porque en la migraci\u00f3n act\u00faa ya el narcotr\u00e1fico, y porque en este pa\u00eds nadie alza la voz para decir que el narcotr\u00e1fico se est\u00e1 haciendo cargo de ese tr\u00e1fico il\u00edcito de migrantes. \u00bfSi hubo tres retenes, para qu\u00e9 los hay? \u00bfPara justificar presupuestos? No hay ninguna pol\u00edtica, ni en el mundo ni en M\u00e9xico para atender esto, y lo que pas\u00f3 ayer es una muestra de la terrible tragedia que representa la migraci\u00f3n&#8221;, puntualiz\u00f3.<\/p>\n\n\n\n<p><strong>Moreira Vald\u00e9s<\/strong>\u00a0record\u00f3 que los migrantes van en busca de una mejor vida para ellos y para sus familias, debido a la enorme desigualdad que hay entre el norte y el sur.<\/p>\n\n\n\n<p>&#8220;La tragedia terrible que ocurri\u00f3 nos debe llamar a todos a una reflexi\u00f3n en ese sentido, en el sentido de que tenemos que buscar una salida distinta a todo este problema. \u00bfPor qu\u00e9 nadie se dio cuenta? Ni la autoridad municipal, ni el gobernador, ni las autoridades federales, ni las autoridades de migraci\u00f3n, disc\u00falpenme pero este es un pecado que cometemos todos, unos por no levantar la voz y otros por omisos&#8221;, concluy\u00f3.<\/p>\n\n\n\n<p>Fuente: El universal<\/p>\n","protected":false},"excerpt":{"rendered":"<p>El\u00a0presidente\u00a0de la\u00a0Junta de Coordinaci\u00f3n Pol\u00edtica\u00a0(Jucopo), de la\u00a0C\u00e1mara de Diputados,\u00a0Rub\u00e9n Moreira,\u00a0inform\u00f3 que en la pr\u00f3xima reuni\u00f3n de la Junta de Coordinaci\u00f3n Pol\u00edtica (Jucopo), a realizarse el lunes 13 de diciembre, propondr\u00e1 citar al titular del\u00a0Instituto Nacional de Migraci\u00f3n,\u00a0Francisco Gardu\u00f1o. El objetivo, explic\u00f3, es que rinda cuentas ante los coordinadores parlamentarios, y ofrezca m\u00e1s detalles sobre los [&hellip;]<\/p>\n","protected":false},"author":35,"featured_media":29206,"comment_status":"open","ping_status":"open","sticky":false,"template":"","format":"standard","meta":{"_monsterinsights_skip_tracking":false,"_monsterinsights_sitenote_active":false,"_monsterinsights_sitenote_note":"","_monsterinsights_sitenote_category":0,"footnotes":""},"categories":[158],"tags":[1555,451,2199,452],"class_list":["post-33507","post","type-post","status-publish","format-standard","has-post-thumbnail","hentry","category-politica","tag-camara-de-diputados","tag-inm","tag-jucopo","tag-migrantes","wp-image-borders"],"amp_enabled":true,"_links":{"self":[{"href":"https:\/\/nvnoticias.mx\/index.php\/wp-json\/wp\/v2\/posts\/33507","targetHints":{"allow":["GET"]}}],"collection":[{"href":"https:\/\/nvnoticias.mx\/index.php\/wp-json\/wp\/v2\/posts"}],"about":[{"href":"https:\/\/nvnoticias.mx\/index.php\/wp-json\/wp\/v2\/types\/post"}],"author":[{"embeddable":true,"href":"https:\/\/nvnoticias.mx\/index.php\/wp-json\/wp\/v2\/users\/35"}],"replies":[{"embeddable":true,"href":"https:\/\/nvnoticias.mx\/index.php\/wp-json\/wp\/v2\/comments?post=33507"}],"version-history":[{"count":1,"href":"https:\/\/nvnoticias.mx\/index.php\/wp-json\/wp\/v2\/posts\/33507\/revisions"}],"predecessor-version":[{"id":33508,"href":"https:\/\/nvnoticias.mx\/index.php\/wp-json\/wp\/v2\/posts\/33507\/revisions\/33508"}],"wp:featuredmedia":[{"embeddable":true,"href":"https:\/\/nvnoticias.mx\/index.php\/wp-json\/wp\/v2\/media\/29206"}],"wp:attachment":[{"href":"https:\/\/nvnoticias.mx\/index.php\/wp-json\/wp\/v2\/media?parent=33507"}],"wp:term":[{"taxonomy":"category","embeddable":true,"href":"https:\/\/nvnoticias.mx\/index.php\/wp-json\/wp\/v2\/categories?post=33507"},{"taxonomy":"post_tag","embeddable":true,"href":"https:\/\/nvnoticias.mx\/index.php\/wp-json\/wp\/v2\/tags?post=33507"}],"curies":[{"name":"wp","href":"https:\/\/api.w.org\/{rel}","templated":true}]}}