{"id":33490,"date":"2021-12-10T11:48:55","date_gmt":"2021-12-10T17:48:55","guid":{"rendered":"https:\/\/nvnoticias.mx\/?p=33490"},"modified":"2021-12-10T11:48:55","modified_gmt":"2021-12-10T17:48:55","slug":"el-piojito-no-se-ira-al-parque-natura-empresario-declina-opcion","status":"publish","type":"post","link":"https:\/\/nvnoticias.mx\/index.php\/2021\/12\/10\/el-piojito-no-se-ira-al-parque-natura-empresario-declina-opcion\/","title":{"rendered":"&#8220;El Piojito&#8221; no se ir\u00e1 al parque Natura, empresario declina opci\u00f3n"},"content":{"rendered":"\n<p><strong>Sam Ojeda | NV Noticias<\/strong>&nbsp;<\/p>\n\n\n\n<p>Xalapa. &#8211; El due\u00f1o de la empresa Tranv\u00edas y Trenes \u201cEl Piojito\u201d SA de CV, Carlos David Escobar Mart\u00ednez, dijo que no est\u00e1n dispuestos a trasladar sus actividades al parque Natura, que fue recientemente abierto tras casi dos a\u00f1os cerrado por la pandemia de covid-19.&nbsp;<\/p>\n\n\n\n<p>Se\u00f1al\u00f3 que luego de la manifestaci\u00f3n que realizaron este jueves, el alcalde de Xalapa, Hip\u00f3lito Rodr\u00edguez Herrero, le dio la opci\u00f3n de brindar el servicio en el \u00e1rea natural protegida, pero declin\u00f3 ya que dijo se trata de un parque peligroso.&nbsp;&nbsp;<\/p>\n\n\n\n<blockquote class=\"wp-block-quote is-layout-flow wp-block-quote-is-layout-flow\"><p>\u201cNos dijeron ayer (jueves) que nos iban a mandar al Natura, pero es un parque muy peligroso, de alto riesgo, estuvimos ah\u00ed apoyando al gobernador Miguel Alem\u00e1n cuando lo inauguraron, estuvo dos\u00a0a\u00f1os\u00a0pero no con el tren porque resulta muy peligroso\u201d.\u00a0<\/p><\/blockquote>\n\n\n\n<p>Agreg\u00f3 que durante los dos a\u00f1os que estuvieron presentado servicio, sin el servicio de tranv\u00eda, observaron que ocurren muchos accidentes y no tiene tanta asistencia como en caso del parque de Los Berros. &nbsp;&nbsp;<\/p>\n\n\n\n<blockquote class=\"wp-block-quote is-layout-flow wp-block-quote-is-layout-flow\"><p>\u201cLos dos a\u00f1os que estuvimos vimos con pena y tristeza que cada media hora entraba ambulancias porque hab\u00eda heridos, ni\u00f1os que sufr\u00edan accidentes por el uso de patinetas y bicicletas; es un parque de alto riesgo\u201d.\u00a0<\/p><\/blockquote>\n\n\n\n<p>El empresario pidi\u00f3 que los dejen trabajar porque han cumplido con los requisitos de la llamada \u201cnueva normalidad\u201d, con la limitaci\u00f3n de su aforo, el uso de gel&nbsp;antibacterial, la desinfecci\u00f3n constante de las unidades. &nbsp;&nbsp;<\/p>\n","protected":false},"excerpt":{"rendered":"<p>Sam Ojeda | NV Noticias&nbsp; Xalapa. &#8211; El due\u00f1o de la empresa Tranv\u00edas y Trenes \u201cEl Piojito\u201d SA de CV, Carlos David Escobar Mart\u00ednez, dijo que no est\u00e1n dispuestos a trasladar sus actividades al parque Natura, que fue recientemente abierto tras casi dos a\u00f1os cerrado por la pandemia de covid-19.&nbsp; Se\u00f1al\u00f3 que luego de la [&hellip;]<\/p>\n","protected":false},"author":6,"featured_media":33300,"comment_status":"open","ping_status":"open","sticky":false,"template":"","format":"standard","meta":{"_monsterinsights_skip_tracking":false,"_monsterinsights_sitenote_active":false,"_monsterinsights_sitenote_note":"","_monsterinsights_sitenote_category":0,"footnotes":""},"categories":[156],"tags":[7733,7451],"class_list":["post-33490","post","type-post","status-publish","format-standard","has-post-thumbnail","hentry","category-estado","tag-el-piojito","tag-parque-natura","wp-image-borders"],"amp_enabled":true,"_links":{"self":[{"href":"https:\/\/nvnoticias.mx\/index.php\/wp-json\/wp\/v2\/posts\/33490","targetHints":{"allow":["GET"]}}],"collection":[{"href":"https:\/\/nvnoticias.mx\/index.php\/wp-json\/wp\/v2\/posts"}],"about":[{"href":"https:\/\/nvnoticias.mx\/index.php\/wp-json\/wp\/v2\/types\/post"}],"author":[{"embeddable":true,"href":"https:\/\/nvnoticias.mx\/index.php\/wp-json\/wp\/v2\/users\/6"}],"replies":[{"embeddable":true,"href":"https:\/\/nvnoticias.mx\/index.php\/wp-json\/wp\/v2\/comments?post=33490"}],"version-history":[{"count":1,"href":"https:\/\/nvnoticias.mx\/index.php\/wp-json\/wp\/v2\/posts\/33490\/revisions"}],"predecessor-version":[{"id":33491,"href":"https:\/\/nvnoticias.mx\/index.php\/wp-json\/wp\/v2\/posts\/33490\/revisions\/33491"}],"wp:featuredmedia":[{"embeddable":true,"href":"https:\/\/nvnoticias.mx\/index.php\/wp-json\/wp\/v2\/media\/33300"}],"wp:attachment":[{"href":"https:\/\/nvnoticias.mx\/index.php\/wp-json\/wp\/v2\/media?parent=33490"}],"wp:term":[{"taxonomy":"category","embeddable":true,"href":"https:\/\/nvnoticias.mx\/index.php\/wp-json\/wp\/v2\/categories?post=33490"},{"taxonomy":"post_tag","embeddable":true,"href":"https:\/\/nvnoticias.mx\/index.php\/wp-json\/wp\/v2\/tags?post=33490"}],"curies":[{"name":"wp","href":"https:\/\/api.w.org\/{rel}","templated":true}]}}