{"id":33452,"date":"2021-12-10T09:39:45","date_gmt":"2021-12-10T15:39:45","guid":{"rendered":"https:\/\/nvnoticias.mx\/?p=33452"},"modified":"2021-12-10T09:39:45","modified_gmt":"2021-12-10T15:39:45","slug":"canaco-manifiesta-su-respaldo-a-patricia-lobeira","status":"publish","type":"post","link":"https:\/\/nvnoticias.mx\/index.php\/2021\/12\/10\/canaco-manifiesta-su-respaldo-a-patricia-lobeira\/","title":{"rendered":"Canaco manifiesta su respaldo a Patricia Lobeira"},"content":{"rendered":"\n<p><strong>Jes\u00fas Utrilla&nbsp;| NV Noticias<\/strong>&nbsp;<\/p>\n\n\n\n<p>Veracruz. \u2013&nbsp; El presidente de la C\u00e1mara Nacional de Comercio en Veracruz, Jos\u00e9 Antonio Mendoza, manifest\u00f3 el respaldo del organismo empresarial a Patricia Lobeira Rodr\u00edguez.&nbsp;<\/p>\n\n\n\n<p>Dijo que no se debe permitir que por caprichos e intereses de unos cuantos, se ponga en riesgo la estabilidad del municipio de Veracruz.&nbsp;<\/p>\n\n\n\n<p>Por ello la Canaco la acompa\u00f1ar\u00e1 en la defensa del resultado electoral.&nbsp;<\/p>\n\n\n\n<p>En rueda de prensa pidi\u00f3 p\u00fablicamente que se respete la voluntad de los veracruzanos.&nbsp;<\/p>\n\n\n\n<p>Adem\u00e1s&nbsp;que no respetar el triunfo de Patricia Lobeira es un acto de violencia de g\u00e9nero.&nbsp;<\/p>\n\n\n\n<p>Es decir, que no respetar el resultado electoral representar\u00eda un atropello en contra de todas las mujeres veracruzanas que con mucho esfuerzo y de manera justa est\u00e1n ganando posiciones.&nbsp;<\/p>\n\n\n\n<blockquote class=\"wp-block-quote is-layout-flow wp-block-quote-is-layout-flow\"><p>\u201cEl d\u00eda 6 de junio, la elegimos a ella como nuestra pr\u00f3xima presidenta de Veracruz y consideramos debe respetarse la decisi\u00f3n de m\u00e1s de 105 mil veracruzanos. No creemos en un Tribunal Electoral cuyos magistrados han actuado bajo las \u00f3rdenes de los intereses de un partido que est\u00e1 gobernando el estado de Veracruz y que es Morena\u201d.\u00a0<\/p><\/blockquote>\n\n\n\n<p>Repetir la elecci\u00f3n atentar\u00eda contra la democracia y sentar\u00eda un precedente peligroso de que sin argumentos cualquier elecci\u00f3n podr\u00eda venirse abajo, favoreciendo al partido en el poder.&nbsp;<\/p>\n\n\n\n<blockquote class=\"wp-block-quote is-layout-flow wp-block-quote-is-layout-flow\"><p>\u201cPaty, no est\u00e1s sola, te acompa\u00f1amos en la defensa judicial y social del cargo que por derecho te corresponde, por ley y voluntad de los veracruzanos, tienes que ser nuestra presidenta, mereces ocupar este cargo por decisi\u00f3n de los veracruzanos\u201d.\u00a0<\/p><\/blockquote>\n\n\n\n<p>Dijo que como sociedad no se puede ser omiso, pues una nueva elecci\u00f3n detendr\u00eda el&nbsp;<\/p>\n\n\n\n<p>desarrollo econ\u00f3mico que comienza a tener la ciudad luego de la pandemia.&nbsp;<\/p>\n","protected":false},"excerpt":{"rendered":"<p>Jes\u00fas Utrilla&nbsp;| NV Noticias&nbsp; Veracruz. \u2013&nbsp; El presidente de la C\u00e1mara Nacional de Comercio en Veracruz, Jos\u00e9 Antonio Mendoza, manifest\u00f3 el respaldo del organismo empresarial a Patricia Lobeira Rodr\u00edguez.&nbsp; Dijo que no se debe permitir que por caprichos e intereses de unos cuantos, se ponga en riesgo la estabilidad del municipio de Veracruz.&nbsp; Por ello [&hellip;]<\/p>\n","protected":false},"author":6,"featured_media":33454,"comment_status":"open","ping_status":"open","sticky":false,"template":"","format":"standard","meta":{"_monsterinsights_skip_tracking":false,"_monsterinsights_sitenote_active":false,"_monsterinsights_sitenote_note":"","_monsterinsights_sitenote_category":0,"footnotes":""},"categories":[154],"tags":[978,3867],"class_list":["post-33452","post","type-post","status-publish","format-standard","has-post-thumbnail","hentry","category-veracruz","tag-canaco","tag-patricia-lobeira","wp-image-borders"],"amp_enabled":true,"_links":{"self":[{"href":"https:\/\/nvnoticias.mx\/index.php\/wp-json\/wp\/v2\/posts\/33452","targetHints":{"allow":["GET"]}}],"collection":[{"href":"https:\/\/nvnoticias.mx\/index.php\/wp-json\/wp\/v2\/posts"}],"about":[{"href":"https:\/\/nvnoticias.mx\/index.php\/wp-json\/wp\/v2\/types\/post"}],"author":[{"embeddable":true,"href":"https:\/\/nvnoticias.mx\/index.php\/wp-json\/wp\/v2\/users\/6"}],"replies":[{"embeddable":true,"href":"https:\/\/nvnoticias.mx\/index.php\/wp-json\/wp\/v2\/comments?post=33452"}],"version-history":[{"count":1,"href":"https:\/\/nvnoticias.mx\/index.php\/wp-json\/wp\/v2\/posts\/33452\/revisions"}],"predecessor-version":[{"id":33455,"href":"https:\/\/nvnoticias.mx\/index.php\/wp-json\/wp\/v2\/posts\/33452\/revisions\/33455"}],"wp:featuredmedia":[{"embeddable":true,"href":"https:\/\/nvnoticias.mx\/index.php\/wp-json\/wp\/v2\/media\/33454"}],"wp:attachment":[{"href":"https:\/\/nvnoticias.mx\/index.php\/wp-json\/wp\/v2\/media?parent=33452"}],"wp:term":[{"taxonomy":"category","embeddable":true,"href":"https:\/\/nvnoticias.mx\/index.php\/wp-json\/wp\/v2\/categories?post=33452"},{"taxonomy":"post_tag","embeddable":true,"href":"https:\/\/nvnoticias.mx\/index.php\/wp-json\/wp\/v2\/tags?post=33452"}],"curies":[{"name":"wp","href":"https:\/\/api.w.org\/{rel}","templated":true}]}}