{"id":33416,"date":"2021-12-09T12:53:57","date_gmt":"2021-12-09T18:53:57","guid":{"rendered":"https:\/\/nvnoticias.mx\/?p=33416"},"modified":"2021-12-09T12:53:57","modified_gmt":"2021-12-09T18:53:57","slug":"si-se-anula-eleccion-veracruz-nombraria-consejo-municipal-ciudadano","status":"publish","type":"post","link":"https:\/\/nvnoticias.mx\/index.php\/2021\/12\/09\/si-se-anula-eleccion-veracruz-nombraria-consejo-municipal-ciudadano\/","title":{"rendered":"Si se anula la elecci\u00f3n de Veracruz se nombrar\u00eda consejo municipal ciudadano"},"content":{"rendered":"\n<p><strong>Jes\u00fas Utrilla&nbsp;| NV Noticias<\/strong>&nbsp;<\/p>\n\n\n\n<p>Veracruz. \u2013\u00a0\u00a0El Congreso del Estado una vez que la autoridad electoral reporte que la elecci\u00f3n de Veracruz se anul\u00f3 <strong>se instalar\u00e1\u00a0una sesi\u00f3n\u00a0extraordinaria el 31 de diciembre para nombrar a quienes representar\u00edan el consejo municipal ciudadano.\u00a0<\/strong><\/p>\n\n\n\n<p>En tanto, el diputado local Fernando Arteaga Aponte, afirm\u00f3 que ser\u00e1n respetuosos de los tribunales electorales.&nbsp;<\/p>\n\n\n\n<blockquote class=\"wp-block-quote is-layout-flow wp-block-quote-is-layout-flow\"><p>\u201cPor lo pronto esperaremos el resultado de la sala regional, que todo apunta a que habr\u00e1 nuevas elecciones. El 31 de diciembre estaremos nosotros sesionando y nombrando al consejo para que el 1 de enero est\u00e9n las autoridades y no haya un vac\u00edo de poder en el municipio de Veracruz\u201d.\u00a0<\/p><\/blockquote>\n\n\n\n<p>El legislador dijo que a trav\u00e9s de la Comisi\u00f3n de Vigilancia investigar\u00e1n el supuesto desv\u00edo de recursos del Ayuntamiento de Veracruz, sobre todo el dinero relacionado a la elecci\u00f3n pasada.&nbsp;<\/p>\n\n\n\n<blockquote class=\"wp-block-quote is-layout-flow wp-block-quote-is-layout-flow\"><p>\u201cEstamos investigando, en mi car\u00e1cter de diputado y como parte de la Comisi\u00f3n de Vigilancia de los recursos de los 212 municipios del estado y dado que el\u00a0Orfis\u00a0tiene conocimiento que ha habido desv\u00edo de recursos en Veracruz. Vamos a investigar porque se ocuparon 180 millones de pesos y se desviaron recursos en el proceso pasado\u201d.\u00a0<\/p><\/blockquote>\n\n\n\n<p>Asegur\u00f3 que si llega a integrarse un Consejo Ciudadano este ser\u00e1 imparcial.<\/p>\n","protected":false},"excerpt":{"rendered":"<p>Jes\u00fas Utrilla&nbsp;| NV Noticias&nbsp; Veracruz. \u2013\u00a0\u00a0El Congreso del Estado una vez que la autoridad electoral reporte que la elecci\u00f3n de Veracruz se anul\u00f3 se instalar\u00e1\u00a0una sesi\u00f3n\u00a0extraordinaria el 31 de diciembre para nombrar a quienes representar\u00edan el consejo municipal ciudadano.\u00a0 En tanto, el diputado local Fernando Arteaga Aponte, afirm\u00f3 que ser\u00e1n respetuosos de los tribunales electorales.&nbsp; [&hellip;]<\/p>\n","protected":false},"author":6,"featured_media":33418,"comment_status":"open","ping_status":"open","sticky":false,"template":"","format":"standard","meta":{"_monsterinsights_skip_tracking":false,"_monsterinsights_sitenote_active":false,"_monsterinsights_sitenote_note":"","_monsterinsights_sitenote_category":0,"footnotes":""},"categories":[154],"tags":[7765,3583,162,180],"class_list":["post-33416","post","type-post","status-publish","format-standard","has-post-thumbnail","hentry","category-veracruz","tag-consejo-municipal","tag-eleccion","tag-portada","tag-veracruz","wp-image-borders"],"amp_enabled":true,"_links":{"self":[{"href":"https:\/\/nvnoticias.mx\/index.php\/wp-json\/wp\/v2\/posts\/33416","targetHints":{"allow":["GET"]}}],"collection":[{"href":"https:\/\/nvnoticias.mx\/index.php\/wp-json\/wp\/v2\/posts"}],"about":[{"href":"https:\/\/nvnoticias.mx\/index.php\/wp-json\/wp\/v2\/types\/post"}],"author":[{"embeddable":true,"href":"https:\/\/nvnoticias.mx\/index.php\/wp-json\/wp\/v2\/users\/6"}],"replies":[{"embeddable":true,"href":"https:\/\/nvnoticias.mx\/index.php\/wp-json\/wp\/v2\/comments?post=33416"}],"version-history":[{"count":1,"href":"https:\/\/nvnoticias.mx\/index.php\/wp-json\/wp\/v2\/posts\/33416\/revisions"}],"predecessor-version":[{"id":33417,"href":"https:\/\/nvnoticias.mx\/index.php\/wp-json\/wp\/v2\/posts\/33416\/revisions\/33417"}],"wp:featuredmedia":[{"embeddable":true,"href":"https:\/\/nvnoticias.mx\/index.php\/wp-json\/wp\/v2\/media\/33418"}],"wp:attachment":[{"href":"https:\/\/nvnoticias.mx\/index.php\/wp-json\/wp\/v2\/media?parent=33416"}],"wp:term":[{"taxonomy":"category","embeddable":true,"href":"https:\/\/nvnoticias.mx\/index.php\/wp-json\/wp\/v2\/categories?post=33416"},{"taxonomy":"post_tag","embeddable":true,"href":"https:\/\/nvnoticias.mx\/index.php\/wp-json\/wp\/v2\/tags?post=33416"}],"curies":[{"name":"wp","href":"https:\/\/api.w.org\/{rel}","templated":true}]}}