{"id":33396,"date":"2021-12-09T12:18:23","date_gmt":"2021-12-09T18:18:23","guid":{"rendered":"https:\/\/nvnoticias.mx\/?p=33396"},"modified":"2021-12-09T12:18:24","modified_gmt":"2021-12-09T18:18:24","slug":"en-veracruz-hay-presencia-de-5-grupos-criminales-ssp","status":"publish","type":"post","link":"https:\/\/nvnoticias.mx\/index.php\/2021\/12\/09\/en-veracruz-hay-presencia-de-5-grupos-criminales-ssp\/","title":{"rendered":"En Veracruz hay presencia de 5 grupos criminales: SSP"},"content":{"rendered":"\n<p><strong>Sam Ojeda | NV Noticias<\/strong>&nbsp;<\/p>\n\n\n\n<p>Xalapa. &#8211; En Veracruz hay detectados cinco grupos criminales que se disputan la plaza, se\u00f1al\u00f3 el secretario de Seguridad P\u00fablica, Hugo Guti\u00e9rrez Maldonado.&nbsp;<\/p>\n\n\n\n<p>Dijo que se trata de grupos criminales cuyos integrantes se intercambian de banda seg\u00fan les convenga y que son grupos locales.&nbsp;&nbsp;<\/p>\n\n\n\n<blockquote class=\"wp-block-quote is-layout-flow wp-block-quote-is-layout-flow\"><p>\u201cNosotros tenemos contabilizados cinco (grupos delincuenciales) de los cuales tres son Zetas, Sangre Nueva, son los mismos grupos criminales que se est\u00e1n cambie y cambie al mejor postor, o los corren de un lado y se van a otro, pero no dejan de ser criminales locales, eso es lo importante\u201d.\u00a0\u00a0<\/p><\/blockquote>\n\n\n\n<p>No obstante, agreg\u00f3 que han detectado a taxistas o personas en motocicleta que causan diversos delitos.&nbsp;&nbsp;<\/p>\n\n\n\n<blockquote class=\"wp-block-quote is-layout-flow wp-block-quote-is-layout-flow\"><p>\u201cEn el primer a\u00f1o me reportaban convoy de camioneta y ahorita lo que m\u00e1s me reportan es un taxi o motocicleta que anda desestabilizando o cometiendo un delito\u201d.\u00a0\u00a0<\/p><\/blockquote>\n\n\n\n<p>Detall\u00f3 que han detenido a m\u00e1s de 60 jefes de plaza y m\u00e1s de 2 mil 600 integrantes de grupos criminales.&nbsp;&nbsp;<\/p>\n\n\n\n<blockquote class=\"wp-block-quote is-layout-flow wp-block-quote-is-layout-flow\"><p>\u201cLo importante son las cabezas porque a \u2018Juanito\u2019 lo agarramos un d\u00eda y ponen a \u2018Armandito\u2019 entonces lo importante es ir sobre las cabezas y eso es lo que nos ha funcionado porque en otras administraciones agarraban a un narcomenudista\u201d.\u00a0\u00a0<\/p><\/blockquote>\n","protected":false},"excerpt":{"rendered":"<p>Sam Ojeda | NV Noticias&nbsp; Xalapa. &#8211; En Veracruz hay detectados cinco grupos criminales que se disputan la plaza, se\u00f1al\u00f3 el secretario de Seguridad P\u00fablica, Hugo Guti\u00e9rrez Maldonado.&nbsp; Dijo que se trata de grupos criminales cuyos integrantes se intercambian de banda seg\u00fan les convenga y que son grupos locales.&nbsp;&nbsp; \u201cNosotros tenemos contabilizados cinco (grupos delincuenciales) [&hellip;]<\/p>\n","protected":false},"author":6,"featured_media":33399,"comment_status":"open","ping_status":"open","sticky":false,"template":"","format":"standard","meta":{"_monsterinsights_skip_tracking":false,"_monsterinsights_sitenote_active":false,"_monsterinsights_sitenote_note":"","_monsterinsights_sitenote_category":0,"footnotes":""},"categories":[156],"tags":[1750,162,548,180],"class_list":["post-33396","post","type-post","status-publish","format-standard","has-post-thumbnail","hentry","category-estado","tag-grupos-criminales","tag-portada","tag-ssp","tag-veracruz","wp-image-borders"],"amp_enabled":true,"_links":{"self":[{"href":"https:\/\/nvnoticias.mx\/index.php\/wp-json\/wp\/v2\/posts\/33396","targetHints":{"allow":["GET"]}}],"collection":[{"href":"https:\/\/nvnoticias.mx\/index.php\/wp-json\/wp\/v2\/posts"}],"about":[{"href":"https:\/\/nvnoticias.mx\/index.php\/wp-json\/wp\/v2\/types\/post"}],"author":[{"embeddable":true,"href":"https:\/\/nvnoticias.mx\/index.php\/wp-json\/wp\/v2\/users\/6"}],"replies":[{"embeddable":true,"href":"https:\/\/nvnoticias.mx\/index.php\/wp-json\/wp\/v2\/comments?post=33396"}],"version-history":[{"count":1,"href":"https:\/\/nvnoticias.mx\/index.php\/wp-json\/wp\/v2\/posts\/33396\/revisions"}],"predecessor-version":[{"id":33397,"href":"https:\/\/nvnoticias.mx\/index.php\/wp-json\/wp\/v2\/posts\/33396\/revisions\/33397"}],"wp:featuredmedia":[{"embeddable":true,"href":"https:\/\/nvnoticias.mx\/index.php\/wp-json\/wp\/v2\/media\/33399"}],"wp:attachment":[{"href":"https:\/\/nvnoticias.mx\/index.php\/wp-json\/wp\/v2\/media?parent=33396"}],"wp:term":[{"taxonomy":"category","embeddable":true,"href":"https:\/\/nvnoticias.mx\/index.php\/wp-json\/wp\/v2\/categories?post=33396"},{"taxonomy":"post_tag","embeddable":true,"href":"https:\/\/nvnoticias.mx\/index.php\/wp-json\/wp\/v2\/tags?post=33396"}],"curies":[{"name":"wp","href":"https:\/\/api.w.org\/{rel}","templated":true}]}}