{"id":33377,"date":"2021-12-09T11:09:02","date_gmt":"2021-12-09T17:09:02","guid":{"rendered":"https:\/\/nvnoticias.mx\/?p=33377"},"modified":"2021-12-09T11:09:03","modified_gmt":"2021-12-09T17:09:03","slug":"catean-inmuebles-ligados-a-exfuncionario-de-mancera","status":"publish","type":"post","link":"https:\/\/nvnoticias.mx\/index.php\/2021\/12\/09\/catean-inmuebles-ligados-a-exfuncionario-de-mancera\/","title":{"rendered":"Catean inmuebles ligados a exfuncionario de Mancera"},"content":{"rendered":"\n<p>Agentes de la Polic\u00eda de Investigaci\u00f3n de la Fiscal\u00eda General de Justicia (FGJ) realizan operativos en tres inmuebles ligados a Julio C\u00e9sar Serna, exjefe de gabinete de Miguel \u00c1ngel Mancera.<\/p>\n\n\n\n<p>Los operativos son de manera simult\u00e1nea en la colonia N\u00e1poles, en Benito Ju\u00e1rez y en San Jer\u00f3nimo, Magdalena Contreras, hasta donde arribaron agentes del grupo Geri de la FGJ para realizar dicha diligencia.<\/p>\n\n\n\n<p>Se sabe que un juez de control otorg\u00f3 los mandamientos judiciales para que se odiaran desarrollar los cateos en donde se busca informaci\u00f3n que pueda ayudar a las investigaciones que se realizan en contra del exfuncionario.<\/p>\n\n\n\n<p>En seis a\u00f1os como funcionario del gobierno capitalino, Julio C\u00e9sar Serna \u2014detenido y procesado por la fiscal\u00eda local por el delito de enriquecimiento il\u00edcito\u2014, forj\u00f3 un patrimonio de 15 propiedades en zonas exclusivas.<\/p>\n\n\n\n<p>De ellas, en tres, ubicadas en las alcald\u00edas de \u00c1lvaro Obreg\u00f3n y Cuajimalpa, autoridades analizan aplicar la extinci\u00f3n de dominio, pues la indagatoria apunta a que fueron compradas con dinero del erario.<\/p>\n\n\n\n<p>De acuerdo con los avances de la investigaci\u00f3n, agentes encargados del caso lograron detectar casas, departamentos y predios comprados, a trav\u00e9s de terceros, por el exdirector de la Central de Abasto y exjefe de gabinete del exmandatario de gobierno Miguel \u00c1ngel Mancera.<\/p>\n\n\n\n<p>Fuente: El Universal<\/p>\n","protected":false},"excerpt":{"rendered":"<p>Agentes de la Polic\u00eda de Investigaci\u00f3n de la Fiscal\u00eda General de Justicia (FGJ) realizan operativos en tres inmuebles ligados a Julio C\u00e9sar Serna, exjefe de gabinete de Miguel \u00c1ngel Mancera. Los operativos son de manera simult\u00e1nea en la colonia N\u00e1poles, en Benito Ju\u00e1rez y en San Jer\u00f3nimo, Magdalena Contreras, hasta donde arribaron agentes del grupo [&hellip;]<\/p>\n","protected":false},"author":6,"featured_media":33378,"comment_status":"open","ping_status":"open","sticky":false,"template":"","format":"standard","meta":{"_monsterinsights_skip_tracking":false,"_monsterinsights_sitenote_active":false,"_monsterinsights_sitenote_note":"","_monsterinsights_sitenote_category":0,"footnotes":""},"categories":[158],"tags":[7752,2562],"class_list":["post-33377","post","type-post","status-publish","format-standard","has-post-thumbnail","hentry","category-politica","tag-cateo","tag-miguel-angel-mancera","wp-image-borders"],"amp_enabled":true,"_links":{"self":[{"href":"https:\/\/nvnoticias.mx\/index.php\/wp-json\/wp\/v2\/posts\/33377","targetHints":{"allow":["GET"]}}],"collection":[{"href":"https:\/\/nvnoticias.mx\/index.php\/wp-json\/wp\/v2\/posts"}],"about":[{"href":"https:\/\/nvnoticias.mx\/index.php\/wp-json\/wp\/v2\/types\/post"}],"author":[{"embeddable":true,"href":"https:\/\/nvnoticias.mx\/index.php\/wp-json\/wp\/v2\/users\/6"}],"replies":[{"embeddable":true,"href":"https:\/\/nvnoticias.mx\/index.php\/wp-json\/wp\/v2\/comments?post=33377"}],"version-history":[{"count":1,"href":"https:\/\/nvnoticias.mx\/index.php\/wp-json\/wp\/v2\/posts\/33377\/revisions"}],"predecessor-version":[{"id":33379,"href":"https:\/\/nvnoticias.mx\/index.php\/wp-json\/wp\/v2\/posts\/33377\/revisions\/33379"}],"wp:featuredmedia":[{"embeddable":true,"href":"https:\/\/nvnoticias.mx\/index.php\/wp-json\/wp\/v2\/media\/33378"}],"wp:attachment":[{"href":"https:\/\/nvnoticias.mx\/index.php\/wp-json\/wp\/v2\/media?parent=33377"}],"wp:term":[{"taxonomy":"category","embeddable":true,"href":"https:\/\/nvnoticias.mx\/index.php\/wp-json\/wp\/v2\/categories?post=33377"},{"taxonomy":"post_tag","embeddable":true,"href":"https:\/\/nvnoticias.mx\/index.php\/wp-json\/wp\/v2\/tags?post=33377"}],"curies":[{"name":"wp","href":"https:\/\/api.w.org\/{rel}","templated":true}]}}