{"id":33367,"date":"2021-12-09T10:55:23","date_gmt":"2021-12-09T16:55:23","guid":{"rendered":"https:\/\/nvnoticias.mx\/?p=33367"},"modified":"2021-12-09T10:55:24","modified_gmt":"2021-12-09T16:55:24","slug":"reaparece-jimenez-espriu-en-la-mananera","status":"publish","type":"post","link":"https:\/\/nvnoticias.mx\/index.php\/2021\/12\/09\/reaparece-jimenez-espriu-en-la-mananera\/","title":{"rendered":"Reaparece Jim\u00e9nez Espri\u00fa en la ma\u00f1anera"},"content":{"rendered":"\n<p>Javier Jim\u00e9nez Espri\u00fa, ex secretario de Comunicaciones y Transportes, reapareci\u00f3 en la conferencia matutina de este jueves, en el marco de la entrega del Premio Nacional de Ingenier\u00eda 2021.<\/p>\n\n\n\n<p>Esto ocurre a poco m\u00e1s de un a\u00f1o que el ex pol\u00edtico renunci\u00f3 su cargo al frente de la Secretar\u00eda, impulsado por el diferendo que sostuvo con una pol\u00edtica p\u00fablica del presidente Andr\u00e9s Manuel L\u00f3pez Obrador (AMLO), el 17 de julio del 2020.<\/p>\n\n\n\n<p>Seg\u00fan un escrito revelado d\u00edas despu\u00e9s, el 23 del mismo mes, dicha resoluci\u00f3n fue el traslado de funciones civiles propias de la dependencia que encabezaba &#8211; como la de los Puertos, de la Marina Mercante y la formaci\u00f3n de marinos mercantes &#8211; al \u00e1mbito militar de la Secretar\u00eda de Marina (Semar).<\/p>\n\n\n\n<blockquote class=\"wp-block-quote is-layout-flow wp-block-quote-is-layout-flow\"><p>\u201cLamento profundamente no haber tenido \u00e9xito en transmitirle mi convicci\u00f3n y preocupaci\u00f3n, sobre la grave trascendencia que tiene esta medida para el presente y el futuro de M\u00e9xico, tanto en lo econ\u00f3mico como en lo pol\u00edtico\u201d.<br>Ese mismo d\u00eda, el Jefe del Ejecutivo confirm\u00f3 las fricciones mencionadas por Jim\u00e9nez Espri\u00fa las cuales, resalt\u00f3, \u201csolo se da entre hombres libres y con criterio\u201d.<\/p><\/blockquote>\n\n\n\n<p>A\u00fan as\u00ed, el ahora ex secretario agradeci\u00f3 al mandatario la oportunidad de \u201cluchar con \u00e9l para buscar el bienestar de los mexicanos\u201d as\u00ed como, se\u00f1al\u00f3, seguir\u00eda siendo fiel a los proyectos de la Cuarta Transformaci\u00f3n, pes\u00e9 a la discrepancia por el asunto de los puertos mar\u00edtimos y aduanas.<\/p>\n\n\n\n<p>Fuente: Infobae<\/p>\n","protected":false},"excerpt":{"rendered":"<p>Javier Jim\u00e9nez Espri\u00fa, ex secretario de Comunicaciones y Transportes, reapareci\u00f3 en la conferencia matutina de este jueves, en el marco de la entrega del Premio Nacional de Ingenier\u00eda 2021. Esto ocurre a poco m\u00e1s de un a\u00f1o que el ex pol\u00edtico renunci\u00f3 su cargo al frente de la Secretar\u00eda, impulsado por el diferendo que sostuvo [&hellip;]<\/p>\n","protected":false},"author":6,"featured_media":33370,"comment_status":"open","ping_status":"open","sticky":false,"template":"","format":"standard","meta":{"_monsterinsights_skip_tracking":false,"_monsterinsights_sitenote_active":false,"_monsterinsights_sitenote_note":"","_monsterinsights_sitenote_category":0,"footnotes":""},"categories":[158],"tags":[7751],"class_list":["post-33367","post","type-post","status-publish","format-standard","has-post-thumbnail","hentry","category-politica","tag-javier-jimenez-espriu","wp-image-borders"],"amp_enabled":true,"_links":{"self":[{"href":"https:\/\/nvnoticias.mx\/index.php\/wp-json\/wp\/v2\/posts\/33367","targetHints":{"allow":["GET"]}}],"collection":[{"href":"https:\/\/nvnoticias.mx\/index.php\/wp-json\/wp\/v2\/posts"}],"about":[{"href":"https:\/\/nvnoticias.mx\/index.php\/wp-json\/wp\/v2\/types\/post"}],"author":[{"embeddable":true,"href":"https:\/\/nvnoticias.mx\/index.php\/wp-json\/wp\/v2\/users\/6"}],"replies":[{"embeddable":true,"href":"https:\/\/nvnoticias.mx\/index.php\/wp-json\/wp\/v2\/comments?post=33367"}],"version-history":[{"count":1,"href":"https:\/\/nvnoticias.mx\/index.php\/wp-json\/wp\/v2\/posts\/33367\/revisions"}],"predecessor-version":[{"id":33368,"href":"https:\/\/nvnoticias.mx\/index.php\/wp-json\/wp\/v2\/posts\/33367\/revisions\/33368"}],"wp:featuredmedia":[{"embeddable":true,"href":"https:\/\/nvnoticias.mx\/index.php\/wp-json\/wp\/v2\/media\/33370"}],"wp:attachment":[{"href":"https:\/\/nvnoticias.mx\/index.php\/wp-json\/wp\/v2\/media?parent=33367"}],"wp:term":[{"taxonomy":"category","embeddable":true,"href":"https:\/\/nvnoticias.mx\/index.php\/wp-json\/wp\/v2\/categories?post=33367"},{"taxonomy":"post_tag","embeddable":true,"href":"https:\/\/nvnoticias.mx\/index.php\/wp-json\/wp\/v2\/tags?post=33367"}],"curies":[{"name":"wp","href":"https:\/\/api.w.org\/{rel}","templated":true}]}}