{"id":33357,"date":"2021-12-03T10:14:00","date_gmt":"2021-12-03T16:14:00","guid":{"rendered":"https:\/\/nvnoticias.mx\/?p=33357"},"modified":"2021-12-09T10:16:39","modified_gmt":"2021-12-09T16:16:39","slug":"presuncion-de-inocencia-reputacion-y-derechos-humanos","status":"publish","type":"post","link":"https:\/\/nvnoticias.mx\/index.php\/2021\/12\/03\/presuncion-de-inocencia-reputacion-y-derechos-humanos\/","title":{"rendered":"Presunci\u00f3n de inocencia, reputaci\u00f3n y derechos humanos"},"content":{"rendered":"\n<p>La presunci\u00f3n de inocencia es uno de los derechos humanos b\u00e1sicos, que nos debe proteger de los abusos de las autoridades judiciales.<\/p>\n\n\n\n<p>En los pa\u00edses verdaderamente democr\u00e1ticos la presunci\u00f3n de inocencia es el punto de partida de la impartici\u00f3n de justicia.<\/p>\n\n\n\n<p>Sin embargo, en un pa\u00eds tan suig\u00e9neris como lo es M\u00e9xico, cualquier diligencia judicial parte de la premisa de que los presuntos culpables tienen la responsabilidad de comprobar su inocencia frente a las acusaciones de cualquier autoridad, lo cual es un absurdo que hemos convertido en una pr\u00e1ctica cotidiana que llega al grado de generar estad\u00edsticas como aquella que la misma Secretar\u00eda de Gobernaci\u00f3n reconoce: que el 42% de todos los reclusos actualmente hacinados en las c\u00e1rceles ya han perdido su libertad sin tener a\u00fan sentencia. La posici\u00f3n del ciudadano frente a cualquier autoridad de los tres niveles de gobierno, es de vulnerabilidad, lo cual estimula el abuso.<\/p>\n\n\n\n<p>A\u00fan en el pueblo m\u00e1s peque\u00f1o de M\u00e9xico, cualquier polic\u00eda puede detener y consignar ante el ministerio p\u00fablico a cualquier ciudadano, argumentando simplemente que el sujeto \u201ces sospechoso\u201d. Este es el origen de todas las injusticias de nuestro pa\u00eds, historias de terror sufridas generalmente por ciudadanos en condici\u00f3n de pobreza y por tanto, de indefensi\u00f3n frente a la autoridad.<\/p>\n\n\n\n<p>En cualquier pa\u00eds del mundo es el Estado quien est\u00e1 obligado a comprobar la culpabilidad.<\/p>\n\n\n\n<p>En Netflix se est\u00e1 transmitiendo una miniserie titulada \u201cDuda razonable\u2026 historia de dos secuestros\u201d, que relata el calvario sufrido en la vida real por cuatro prisioneros acusados de secuestro a partir de un accidente automovil\u00edstico sucedido en Tabasco en 2015, ya en tiempos del nuevo sistema de justicia penal acusatorio y los juicios orales. Reos que a\u00fan hoy siguen en la c\u00e1rcel de Macuspana, pese a que su caso es exhibido por Netflix, lo cual es \u00a1Un hecho ins\u00f3lito, digno de una obra de ficci\u00f3n que exhibe la prepotencia cotidiana de nuestro sistema judicial!<\/p>\n\n\n\n<p>Quien dirige esta serie es Roberto Hern\u00e1ndez, quien conmocion\u00f3 a muchos mexicanos en 2011 con su pel\u00edcula \u201cpresunto culpable\u201d.<\/p>\n\n\n\n<p>Por tanto, el poder de un simple polic\u00eda en este pa\u00eds es absoluto, pues su palabra est\u00e1 por encima de la de cualquier ciudadano. Imaginemos ahora el poder de cualquier fiscal.<\/p>\n\n\n\n<p>Sin embargo, la conectividad tecnol\u00f3gica, -en plena era de las redes sociales-, no solo no ha resuelto el problema de la manipulaci\u00f3n de la justicia, sino que ha introducido nuevas conductas colectivas que complican a\u00fan m\u00e1s el panorama.<\/p>\n\n\n\n<p>Hoy vemos la pretensi\u00f3n de que la justicia responda a las expectativas ciudadanas y que el fallo judicial se derive del consenso colectivo, -presionando a jueces-, lo cual complica a\u00fan m\u00e1s la procuraci\u00f3n de justicia.<\/p>\n\n\n\n<p>Parece haber intentos de dirimir los grandes casos jur\u00eddicos de alto potencial medi\u00e1tico a trav\u00e9s de declaraciones p\u00fablicas y pretender que los jueces simplemente validen y respalden el veredicto de las mayor\u00edas.<\/p>\n\n\n\n<p>La carga emocional que llevan impl\u00edcitas las deliberaciones en redes sociales y en los medios de comunicaci\u00f3n, es la fuente de muchas injusticias.<\/p>\n\n\n\n<p>Hoy estamos presenciando el abuso de la prisi\u00f3n preventiva, que se utiliza en la investigaci\u00f3n de delitos de tipo administrativo, incluso los de tipo fiscal, lo cual hasta hace pocos a\u00f1os no suced\u00eda.<\/p>\n\n\n\n<p>Hoy vemos que la prisi\u00f3n oficiosa, que se consideraba una excepci\u00f3n aplicable s\u00f3lo a casos graves, se est\u00e1 convirtiendo en una pr\u00e1ctica cotidiana que viola la presunci\u00f3n de inocencia y adem\u00e1s, su difusi\u00f3n p\u00fablica en los medios de comunicaci\u00f3n masiva y en redes sociales, genera da\u00f1os irreversibles en la reputaci\u00f3n de las personas se\u00f1aladas.<\/p>\n\n\n\n<p>El impacto del manejo irresponsable de la difusi\u00f3n noticiosa de casos judiciales en su fase inicial, cuando a\u00fan debe estar protegido el indiciado por la presunci\u00f3n de inocencia, -acto promovido desde las mismas instituciones gubernamentales-, genera da\u00f1os de impacto familiar, social, laboral, profesional y empresarial, que afectan a los indiciados.<\/p>\n\n\n\n<p>El alarmante crecimiento de este fen\u00f3meno, -de manifestaci\u00f3n reciente-, hace necesario un an\u00e1lisis a conciencia, para garantizar la protecci\u00f3n a los derechos humanos de los indiciados, as\u00ed como proteger el derecho de la sociedad a tener acceso a la informaci\u00f3n relevante, pero verdadera.<\/p>\n\n\n\n<p>Este es un tema actual donde converge la jurisprudencia con la comunicaci\u00f3n p\u00fablica.<\/p>\n\n\n\n<p>Por ello, con el fin de ayudar a preservar la fortaleza de nuestro \u201cestado de derecho\u201d, es que la Escuela Libre de Derecho, conjuntamente con la Academia Mexicana de la Comunicaci\u00f3n A.C., a trav\u00e9s de su Consejo Asesor Jur\u00eddico y con el apoyo de la Coalici\u00f3n de Mexicanos en Defensa de la Constituci\u00f3n y el Estado de Derecho, organizan el Foro titulado: \u201cL\u00edmites del Estado en la persecuci\u00f3n delictiva y su impacto en los medios masivos de difusi\u00f3n\u201d, que se llevar\u00e1 a cabo del seis al diez de diciembre pr\u00f3ximos.<\/p>\n\n\n\n<p>El programa est\u00e1 conformado por seis mesas de trabajo que desarrollar\u00e1n los temas: \u201cAlcances jur\u00eddicos del concepto delincuencia organizada y sus l\u00edmites en la persecuci\u00f3n de delitos\u201d, \u201cPresunci\u00f3n de inocencia y l\u00edmites en la difusi\u00f3n de investigaciones penales\u201d, \u201cJuicios medi\u00e1ticos y el efecto corruptor\u201d, \u201cResponsabilidad nacional e internacional por la violaci\u00f3n a la presunci\u00f3n de inocencia\u201d, \u201cLa independencia de los jueces frente al juzgamiento medi\u00e1tico\u201d y la \u00faltima \u201cDa\u00f1os irreversibles en la reputaci\u00f3n, a partir de una denuncia medi\u00e1tica\u201d.<\/p>\n\n\n\n<p>Relevante ser\u00e1 el \u201cConversatorio\u201d que tendr\u00e1 como figura central a don Sergio Garc\u00eda Ram\u00edrez, importante jurista y acad\u00e9mico, quien lleg\u00f3 a ser Procurador General de la Rep\u00fablica, as\u00ed como juez y presidente de la Corte Interamericana de Derechos Humanos, de 2004 a 2007.<\/p>\n\n\n\n<p>El programa de este evento podr\u00e1 ser consultado en la p\u00e1gina Facebook de la Escuela Libre de Derecho: https:\/\/www.facebook.com\/eldoficial, y en la p\u00e1gina WEB de la Academia Mexicana de la Comunicaci\u00f3n: www.amdc.org.mx, donde incluso se podr\u00e1n seguir en vivo cada una de las mesas de trabajo y posteriormente sus grabaciones.<\/p>\n\n\n\n<p>\u00bfY a usted qu\u00e9 le parece?<\/p>\n\n\n\n<p>Facebook: @Ricardo.Homs1<\/p>\n\n\n\n<p>Twitter: @homsricardo<\/p>\n\n\n\n<p>Linkedin: Ricardo Homs<\/p>\n","protected":false},"excerpt":{"rendered":"<p>La presunci\u00f3n de inocencia es uno de los derechos humanos b\u00e1sicos, que nos debe proteger de los abusos de las autoridades judiciales. En los pa\u00edses verdaderamente democr\u00e1ticos la presunci\u00f3n de inocencia es el punto de partida de la impartici\u00f3n de justicia. Sin embargo, en un pa\u00eds tan suig\u00e9neris como lo es M\u00e9xico, cualquier diligencia judicial [&hellip;]<\/p>\n","protected":false},"author":18,"featured_media":1446,"comment_status":"open","ping_status":"open","sticky":false,"template":"","format":"standard","meta":{"_monsterinsights_skip_tracking":false,"_monsterinsights_sitenote_active":false,"_monsterinsights_sitenote_note":"","_monsterinsights_sitenote_category":0,"footnotes":""},"categories":[246],"tags":[173],"class_list":["post-33357","post","type-post","status-publish","format-standard","has-post-thumbnail","hentry","category-ricardo-homs","tag-ricardo-homs","wp-image-borders"],"amp_enabled":true,"_links":{"self":[{"href":"https:\/\/nvnoticias.mx\/index.php\/wp-json\/wp\/v2\/posts\/33357","targetHints":{"allow":["GET"]}}],"collection":[{"href":"https:\/\/nvnoticias.mx\/index.php\/wp-json\/wp\/v2\/posts"}],"about":[{"href":"https:\/\/nvnoticias.mx\/index.php\/wp-json\/wp\/v2\/types\/post"}],"author":[{"embeddable":true,"href":"https:\/\/nvnoticias.mx\/index.php\/wp-json\/wp\/v2\/users\/18"}],"replies":[{"embeddable":true,"href":"https:\/\/nvnoticias.mx\/index.php\/wp-json\/wp\/v2\/comments?post=33357"}],"version-history":[{"count":1,"href":"https:\/\/nvnoticias.mx\/index.php\/wp-json\/wp\/v2\/posts\/33357\/revisions"}],"predecessor-version":[{"id":33358,"href":"https:\/\/nvnoticias.mx\/index.php\/wp-json\/wp\/v2\/posts\/33357\/revisions\/33358"}],"wp:featuredmedia":[{"embeddable":true,"href":"https:\/\/nvnoticias.mx\/index.php\/wp-json\/wp\/v2\/media\/1446"}],"wp:attachment":[{"href":"https:\/\/nvnoticias.mx\/index.php\/wp-json\/wp\/v2\/media?parent=33357"}],"wp:term":[{"taxonomy":"category","embeddable":true,"href":"https:\/\/nvnoticias.mx\/index.php\/wp-json\/wp\/v2\/categories?post=33357"},{"taxonomy":"post_tag","embeddable":true,"href":"https:\/\/nvnoticias.mx\/index.php\/wp-json\/wp\/v2\/tags?post=33357"}],"curies":[{"name":"wp","href":"https:\/\/api.w.org\/{rel}","templated":true}]}}