{"id":33349,"date":"2021-12-09T10:07:46","date_gmt":"2021-12-09T16:07:46","guid":{"rendered":"https:\/\/nvnoticias.mx\/?p=33349"},"modified":"2021-12-09T10:07:47","modified_gmt":"2021-12-09T16:07:47","slug":"clase-politica","status":"publish","type":"post","link":"https:\/\/nvnoticias.mx\/index.php\/2021\/12\/09\/clase-politica\/","title":{"rendered":"Clase pol\u00edtica"},"content":{"rendered":"\n<blockquote class=\"wp-block-quote is-layout-flow wp-block-quote-is-layout-flow\"><p><em>C\u00f3mo vivir juntos los distintos\u2026 Principal problema de \u00a0 la modernidad pol\u00edtica.<\/em><\/p><cite><strong>\u00a0\u00a0\u00a0\u00a0\u00a0\u00a0\u00a0\u00a0\u00a0\u00a0 Cayetana \u00c1lvarez de Toledo<\/strong><br><\/cite><\/blockquote>\n\n\n\n<p>El problema m\u00e1s grave del siglo XXI sigue siendo el que Rousseau plante\u00f3 en las palabras iniciales de su Contrato social (1766). M\u00e1s bien, ha sido el problema de la humanidad desde que empez\u00f3 a cultivar la tierra y se hizo sedentaria: \u00bfc\u00f3mo hacer para que los hombres en quienes recaen las responsabilidades m\u00e1s importantes y trascendentes act\u00faen racionalmente y pensando en el bien com\u00fan? La respuesta es limitar, mediante la ley, el ejercicio del poder y dividirlo para su ejercicio para contener el uso arbitrario. Desafortunadamente, una y otra vez las normas han demostrado su insuficiencia.<\/p>\n\n\n\n<p>Al inicio de 1972, el presidente Luis Echeverr\u00eda hizo un evento que pretend\u00eda revigorizar las ideas que le daban sustento al PRI como partido hegem\u00f3nico. Yo asist\u00ed como delegado por Tabasco. En el transcurso del aburrido evento, un orador dio un giro a los discursos de peroratas trilladas y lugares comunes: Jes\u00fas Reyes Heroles hizo reflexiones hist\u00f3ricas, aludi\u00f3 a citas de pensadores cl\u00e1sicos y se apoy\u00f3 en disertaciones de filosof\u00eda pol\u00edtica. Quiz\u00e1 \u00e9se fue el motivo por el que semanas despu\u00e9s asumi\u00f3 la dirigencia de la instituci\u00f3n para darle una renovada, junto con el presidencialismo (seg\u00fan Cos\u00edo Villegas), a las piezas fundamentales del sistema pol\u00edtico mexicano: el partido de Estado.<\/p>\n\n\n\n<p>Reyes Heroles centr\u00f3 su discurso en la defensa de la clase pol\u00edtica y en la calidad que deben tener quienes la conforman, indispensable en todas las naciones, sustentando sus afirmaciones en autores italianos.<\/p>\n\n\n\n<p>Tiempo despu\u00e9s escuch\u00e9 una reflexi\u00f3n que no por jocosa deja de ser grave. Dicen que en el infierno est\u00e1n los peores profesionistas para que sufran m\u00e1s quienes est\u00e1n ah\u00ed, condenados por sus pecados: los periodistas son rusos; los toreros son suecos; los polic\u00edas, espa\u00f1oles; los militares, italianos y los pol\u00edticos son latinoamericanos. Los \u00faltimos acontecimientos lo confirman. Naciones ejemplares por la solidez de sus partidos, con exitosas transiciones hacia la democracia, de buenos gobernantes (Argentina, Chile, Venezuela), confrontan hoy inmensos retos y sobre ellas se ciernen inminentes desaf\u00edos de retroceso. Nuestro pa\u00eds est\u00e1 inmerso en una crisis similar. Iniciamos una transici\u00f3n que llegamos a presumir como ejemplar por haberse realizado en la estabilidad, conforme al Estado de derecho y gracias a dif\u00edciles consensos. Todo esto ha devenido en un evidente desastre con la amenaza de concluir en un \u201cchoque de trenes\u201d en el proceso electoral de 2024. Anoto tres fallas relevantes a mi juicio:<\/p>\n\n\n\n<p>&nbsp;&nbsp;&nbsp;&nbsp;&nbsp;&nbsp;&nbsp;&nbsp;&nbsp;&nbsp; 1. Pocas veces en nuestra historia se ha dado tanta aversi\u00f3n a la cultura y al conocimiento por parte de la clase pol\u00edtica. El discurso es de un nivel tan primitivo, con notorias excepciones, que ha degenerado en una retah\u00edla de insultos y descalificaciones, sin entrar a los temas a dilucidar. Prevalece cierto prejuicio de que nadie puede decir nada porque todos somos c\u00f3mplices de lo acontecido.<\/p>\n\n\n\n<p>&nbsp;&nbsp;&nbsp;&nbsp;&nbsp;&nbsp;&nbsp;&nbsp;&nbsp;&nbsp; 2. Los partidos, con su oportunismo perverso, mediante encuestas, postulan candidatos competitivos, pero no competentes para el puesto al que aspiran. En otras palabras, lo importante es ganar, el futuro desempe\u00f1o en el cargo es lo de menos.<\/p>\n\n\n\n<p>&nbsp;&nbsp;&nbsp;&nbsp;&nbsp;&nbsp;&nbsp;&nbsp;&nbsp;&nbsp; 3. Estoy convencido, tras una larga experiencia pol\u00edtica, que la calidad humana es lo m\u00e1s importante para que alguien sea un buen gobernante. La soberbia, prepotencia, falta de amabilidad e incapacidad para la empat\u00eda, entre otras carencias, descalifican a cualquier candidato. Ah\u00ed es donde los ciudadanos deben esmerar su evaluaci\u00f3n.<\/p>\n\n\n\n<p>El tema da para mucho. Termino con una reflexi\u00f3n del papa Francisco que mucho me agrad\u00f3: \u201cLa democracia es compleja, mientras el autoritarismo es oportuno (diligente) y atrae las promesas f\u00e1ciles que proponen los populismos. En diversas sociedades, preocupadas por la seguridad y adormecidas por el consumismo, el cansancio y el malestar conducen a una suerte de escepticismo democr\u00e1tico\u201d.<\/p>\n","protected":false},"excerpt":{"rendered":"<p>C\u00f3mo vivir juntos los distintos\u2026 Principal problema de \u00a0 la modernidad pol\u00edtica. \u00a0\u00a0\u00a0\u00a0\u00a0\u00a0\u00a0\u00a0\u00a0\u00a0 Cayetana \u00c1lvarez de Toledo El problema m\u00e1s grave del siglo XXI sigue siendo el que Rousseau plante\u00f3 en las palabras iniciales de su Contrato social (1766). M\u00e1s bien, ha sido el problema de la humanidad desde que empez\u00f3 a cultivar la tierra [&hellip;]<\/p>\n","protected":false},"author":17,"featured_media":6530,"comment_status":"open","ping_status":"open","sticky":false,"template":"","format":"standard","meta":{"_monsterinsights_skip_tracking":false,"_monsterinsights_sitenote_active":false,"_monsterinsights_sitenote_note":"","_monsterinsights_sitenote_category":0,"footnotes":""},"categories":[614],"tags":[172],"class_list":["post-33349","post","type-post","status-publish","format-standard","has-post-thumbnail","hentry","category-politica-de-principios","tag-juan-jose-rodriguez-prats","wp-image-borders"],"amp_enabled":true,"_links":{"self":[{"href":"https:\/\/nvnoticias.mx\/index.php\/wp-json\/wp\/v2\/posts\/33349","targetHints":{"allow":["GET"]}}],"collection":[{"href":"https:\/\/nvnoticias.mx\/index.php\/wp-json\/wp\/v2\/posts"}],"about":[{"href":"https:\/\/nvnoticias.mx\/index.php\/wp-json\/wp\/v2\/types\/post"}],"author":[{"embeddable":true,"href":"https:\/\/nvnoticias.mx\/index.php\/wp-json\/wp\/v2\/users\/17"}],"replies":[{"embeddable":true,"href":"https:\/\/nvnoticias.mx\/index.php\/wp-json\/wp\/v2\/comments?post=33349"}],"version-history":[{"count":1,"href":"https:\/\/nvnoticias.mx\/index.php\/wp-json\/wp\/v2\/posts\/33349\/revisions"}],"predecessor-version":[{"id":33351,"href":"https:\/\/nvnoticias.mx\/index.php\/wp-json\/wp\/v2\/posts\/33349\/revisions\/33351"}],"wp:featuredmedia":[{"embeddable":true,"href":"https:\/\/nvnoticias.mx\/index.php\/wp-json\/wp\/v2\/media\/6530"}],"wp:attachment":[{"href":"https:\/\/nvnoticias.mx\/index.php\/wp-json\/wp\/v2\/media?parent=33349"}],"wp:term":[{"taxonomy":"category","embeddable":true,"href":"https:\/\/nvnoticias.mx\/index.php\/wp-json\/wp\/v2\/categories?post=33349"},{"taxonomy":"post_tag","embeddable":true,"href":"https:\/\/nvnoticias.mx\/index.php\/wp-json\/wp\/v2\/tags?post=33349"}],"curies":[{"name":"wp","href":"https:\/\/api.w.org\/{rel}","templated":true}]}}