{"id":33297,"date":"2021-12-08T14:57:01","date_gmt":"2021-12-08T20:57:01","guid":{"rendered":"https:\/\/nvnoticias.mx\/?p=33297"},"modified":"2021-12-19T17:26:38","modified_gmt":"2021-12-19T23:26:38","slug":"en-enero-se-abriran-todos-los-planteles-del-estado","status":"publish","type":"post","link":"https:\/\/nvnoticias.mx\/index.php\/2021\/12\/08\/en-enero-se-abriran-todos-los-planteles-del-estado\/","title":{"rendered":"En enero se abrir\u00e1n todos los planteles del estado"},"content":{"rendered":"\n<p><strong>Sam Ojeda | NV Noticias<\/strong>&nbsp;<\/p>\n\n\n\n<p>Xalapa. &#8211; En enero se abrir\u00e1 el 100 por ciento de los planteles educativos en el estado, se\u00f1al\u00f3 el secretario de Educaci\u00f3n en Veracruz,&nbsp;Zenyazen&nbsp;Escobar Garc\u00eda.&nbsp;<\/p>\n\n\n\n<p>Confirm\u00f3 que <strong>habr\u00e1 vacuna de refuerzo contra el\u00a0Covid\u00a0para el magisterio, mismo que recibi\u00f3 una dosis de CanSino.\u00a0<\/strong><\/p>\n\n\n\n<p>Para ello los docentes deber\u00e1n registrarse a trav\u00e9s de los portales oficiales, cuando las autoridades de salud lo anuncien ya que primero se dar\u00e1n las dosis de adultos mayores.&nbsp;<\/p>\n\n\n\n<p>Insisti\u00f3 en que reabrir\u00e1n todas las escuelas de la entidad veracruzana el pr\u00f3ximo mes.&nbsp;<\/p>\n\n\n\n<p>Actualmente son cerca de 16 mil 500 las que trabajan de manera presencial y el resto continua en l\u00ednea.&nbsp;<\/p>\n\n\n\n<p>Por la decisi\u00f3n de los padres de familia las clases no se han retomado en su totalidad, pero en enero se reincorporar\u00e1n al sistema presencial los 24 mil planteles del estado.&nbsp;<\/p>\n","protected":false},"excerpt":{"rendered":"<p>Sam Ojeda | NV Noticias&nbsp; Xalapa. &#8211; En enero se abrir\u00e1 el 100 por ciento de los planteles educativos en el estado, se\u00f1al\u00f3 el secretario de Educaci\u00f3n en Veracruz,&nbsp;Zenyazen&nbsp;Escobar Garc\u00eda.&nbsp; Confirm\u00f3 que habr\u00e1 vacuna de refuerzo contra el\u00a0Covid\u00a0para el magisterio, mismo que recibi\u00f3 una dosis de CanSino.\u00a0 Para ello los docentes deber\u00e1n registrarse a trav\u00e9s [&hellip;]<\/p>\n","protected":false},"author":6,"featured_media":32637,"comment_status":"open","ping_status":"open","sticky":false,"template":"","format":"standard","meta":{"_monsterinsights_skip_tracking":false,"_monsterinsights_sitenote_active":false,"_monsterinsights_sitenote_note":"","_monsterinsights_sitenote_category":0,"footnotes":""},"categories":[156],"tags":[7413,659,162],"class_list":["post-33297","post","type-post","status-publish","format-standard","has-post-thumbnail","hentry","category-estado","tag-enero","tag-escuelas","tag-portada","wp-image-borders"],"amp_enabled":true,"_links":{"self":[{"href":"https:\/\/nvnoticias.mx\/index.php\/wp-json\/wp\/v2\/posts\/33297","targetHints":{"allow":["GET"]}}],"collection":[{"href":"https:\/\/nvnoticias.mx\/index.php\/wp-json\/wp\/v2\/posts"}],"about":[{"href":"https:\/\/nvnoticias.mx\/index.php\/wp-json\/wp\/v2\/types\/post"}],"author":[{"embeddable":true,"href":"https:\/\/nvnoticias.mx\/index.php\/wp-json\/wp\/v2\/users\/6"}],"replies":[{"embeddable":true,"href":"https:\/\/nvnoticias.mx\/index.php\/wp-json\/wp\/v2\/comments?post=33297"}],"version-history":[{"count":1,"href":"https:\/\/nvnoticias.mx\/index.php\/wp-json\/wp\/v2\/posts\/33297\/revisions"}],"predecessor-version":[{"id":33298,"href":"https:\/\/nvnoticias.mx\/index.php\/wp-json\/wp\/v2\/posts\/33297\/revisions\/33298"}],"wp:featuredmedia":[{"embeddable":true,"href":"https:\/\/nvnoticias.mx\/index.php\/wp-json\/wp\/v2\/media\/32637"}],"wp:attachment":[{"href":"https:\/\/nvnoticias.mx\/index.php\/wp-json\/wp\/v2\/media?parent=33297"}],"wp:term":[{"taxonomy":"category","embeddable":true,"href":"https:\/\/nvnoticias.mx\/index.php\/wp-json\/wp\/v2\/categories?post=33297"},{"taxonomy":"post_tag","embeddable":true,"href":"https:\/\/nvnoticias.mx\/index.php\/wp-json\/wp\/v2\/tags?post=33297"}],"curies":[{"name":"wp","href":"https:\/\/api.w.org\/{rel}","templated":true}]}}