{"id":33278,"date":"2021-12-08T11:24:29","date_gmt":"2021-12-08T17:24:29","guid":{"rendered":"https:\/\/nvnoticias.mx\/?p=33278"},"modified":"2021-12-08T11:24:30","modified_gmt":"2021-12-08T17:24:30","slug":"rinde-tributo-camila-cabello-a-sus-raices-mexicanas-con-mariachi","status":"publish","type":"post","link":"https:\/\/nvnoticias.mx\/index.php\/2021\/12\/08\/rinde-tributo-camila-cabello-a-sus-raices-mexicanas-con-mariachi\/","title":{"rendered":"Rinde tributo Camila Cabello a sus ra\u00edces mexicanas con mariachi"},"content":{"rendered":"\n<p><strong>Camila Cabello&nbsp;<\/strong>decidi\u00f3 rendir tributo a sus ra\u00edces mexicanas realizando un cover en espa\u00f1ol del tema navide\u00f1o:<em>&nbsp;I\u2019ll be home for Christmas,<\/em>&nbsp;acompa\u00f1ada por mariachis. El tema que alguna vez fue interpretado por&nbsp;<strong>Luis Miguel,&nbsp;<\/strong>fue interpretado durante una presentaci\u00f3n en el programa navide\u00f1o organizado por<strong>&nbsp;Michael Bubl\u00e9<\/strong>,&nbsp;<em>Christmas in the city.<\/em><\/p>\n\n\n\n<p>\u201cQuer\u00eda rendir homenaje a mi&nbsp;<strong>herencia mexicana<\/strong>&nbsp;con esta versi\u00f3n navide\u00f1a.&nbsp;<strong>Luis MiRey<\/strong>&nbsp;lo hizo primero y en espa\u00f1ol, pero quer\u00eda llevarlo a una audiencia que normalmente no llega a escuchar la belleza de la<strong>&nbsp;m\u00fasica de mariachi<\/strong>. Mucho amor a M\u00e9xico y por la m\u00fasica bella de mi pa\u00eds\u201d, explic\u00f3 Cabello mediante un tweet.<\/p>\n\n\n\n<p>A pesar de que la cantante es originaria de Coj\u00edmar,\u00a0<strong>Cuba<\/strong>, su padre, quien es mexicano, le ha inculcado una cultura musical con temas mexicanos a lo largo de su vida, por lo que la cantante ha expresado m\u00faltiples veces su amor por la cultura y la m\u00fasica mexicana.<\/p>\n\n\n\n<p>En un tweet, la int\u00e9rprete de&nbsp;<em>Don\u00b4t go Yet<\/em>, asegur\u00f3 que se siente muy orgullosa de tener ra\u00edces mexicanas y escribi\u00f3:&nbsp;<strong>\u201cMucho amor a M\u00e9xico y por la m\u00fasica bella de mi pa\u00eds&nbsp;<\/strong>\u00a1Feliz Navidad! Espero que disfruten este cover que est\u00e1 disponible en Amazon Music.\u201d<\/p>\n\n\n\n<p>La cantante de 25 a\u00f1os luci\u00f3 durante su presentaci\u00f3n un outfit una falda con planes en color negro y una blusa con un pronunciado escote, que acompa\u00f1\u00f3 con un maquillaje sencillo y con detalles de pedrer\u00eda.<\/p>\n\n\n\n<p>La \u00faltima vez que Cabello visit\u00f3 M\u00e9xico, fue en noviembre cuando sorprendi\u00f3 a sus fan\u00e1ticos al visitar Oaxaca en compa\u00f1\u00eda de su familia y su entonces novio, Shawn Mendes.<\/p>\n\n\n\n<blockquote class=\"wp-block-quote is-layout-flow wp-block-quote-is-layout-flow\"><p>\u201cUna semana en mi M\u00e9xico lindo para celebrar el cumple de mi pap\u00e1.\u00a0<strong>Oaxaca, me enamor\u00e9 de ti<\/strong>\u201d, coment\u00f3 Cabello en una publicaci\u00f3n de Instagram en donde se le ve\u00eda disfrutando de las celebraciones de d\u00eda de muertos.<\/p><\/blockquote>\n\n\n\n<p>Fuente: Infobae<\/p>\n","protected":false},"excerpt":{"rendered":"<p>Camila Cabello&nbsp;decidi\u00f3 rendir tributo a sus ra\u00edces mexicanas realizando un cover en espa\u00f1ol del tema navide\u00f1o:&nbsp;I\u2019ll be home for Christmas,&nbsp;acompa\u00f1ada por mariachis. El tema que alguna vez fue interpretado por&nbsp;Luis Miguel,&nbsp;fue interpretado durante una presentaci\u00f3n en el programa navide\u00f1o organizado por&nbsp;Michael Bubl\u00e9,&nbsp;Christmas in the city. \u201cQuer\u00eda rendir homenaje a mi&nbsp;herencia mexicana&nbsp;con esta versi\u00f3n navide\u00f1a.&nbsp;Luis MiRey&nbsp;lo [&hellip;]<\/p>\n","protected":false},"author":35,"featured_media":33279,"comment_status":"open","ping_status":"open","sticky":false,"template":"","format":"standard","meta":{"_monsterinsights_skip_tracking":false,"_monsterinsights_sitenote_active":false,"_monsterinsights_sitenote_note":"","_monsterinsights_sitenote_category":0,"footnotes":""},"categories":[576],"tags":[2630,4941,4530],"class_list":["post-33278","post","type-post","status-publish","format-standard","has-post-thumbnail","hentry","category-ocio","tag-camila-cabello","tag-mariachi","tag-mexicanas","wp-image-borders"],"amp_enabled":true,"_links":{"self":[{"href":"https:\/\/nvnoticias.mx\/index.php\/wp-json\/wp\/v2\/posts\/33278","targetHints":{"allow":["GET"]}}],"collection":[{"href":"https:\/\/nvnoticias.mx\/index.php\/wp-json\/wp\/v2\/posts"}],"about":[{"href":"https:\/\/nvnoticias.mx\/index.php\/wp-json\/wp\/v2\/types\/post"}],"author":[{"embeddable":true,"href":"https:\/\/nvnoticias.mx\/index.php\/wp-json\/wp\/v2\/users\/35"}],"replies":[{"embeddable":true,"href":"https:\/\/nvnoticias.mx\/index.php\/wp-json\/wp\/v2\/comments?post=33278"}],"version-history":[{"count":1,"href":"https:\/\/nvnoticias.mx\/index.php\/wp-json\/wp\/v2\/posts\/33278\/revisions"}],"predecessor-version":[{"id":33280,"href":"https:\/\/nvnoticias.mx\/index.php\/wp-json\/wp\/v2\/posts\/33278\/revisions\/33280"}],"wp:featuredmedia":[{"embeddable":true,"href":"https:\/\/nvnoticias.mx\/index.php\/wp-json\/wp\/v2\/media\/33279"}],"wp:attachment":[{"href":"https:\/\/nvnoticias.mx\/index.php\/wp-json\/wp\/v2\/media?parent=33278"}],"wp:term":[{"taxonomy":"category","embeddable":true,"href":"https:\/\/nvnoticias.mx\/index.php\/wp-json\/wp\/v2\/categories?post=33278"},{"taxonomy":"post_tag","embeddable":true,"href":"https:\/\/nvnoticias.mx\/index.php\/wp-json\/wp\/v2\/tags?post=33278"}],"curies":[{"name":"wp","href":"https:\/\/api.w.org\/{rel}","templated":true}]}}