{"id":33247,"date":"2021-12-08T10:09:21","date_gmt":"2021-12-08T16:09:21","guid":{"rendered":"https:\/\/nvnoticias.mx\/?p=33247"},"modified":"2021-12-08T10:09:22","modified_gmt":"2021-12-08T16:09:22","slug":"empresarios-regionales-aportan-a-discusiones-de-la-reforma-electrica","status":"publish","type":"post","link":"https:\/\/nvnoticias.mx\/index.php\/2021\/12\/08\/empresarios-regionales-aportan-a-discusiones-de-la-reforma-electrica\/","title":{"rendered":"Empresarios regionales aportan a discusiones de la Reforma El\u00e9ctrica"},"content":{"rendered":"\n<p><strong>Jes\u00fas Utrilla&nbsp;| NV Noticias<\/strong>&nbsp;<\/p>\n\n\n\n<p>Veracruz. \u2013&nbsp;&nbsp;Integrantes de la Asociaci\u00f3n Nacional de Consejos Empresariales&nbsp;Regionales se reunieron con el Diputado Manuel Rodr\u00edguez Gonz\u00e1lez, presidente de la Comisi\u00f3n de Energ\u00eda en la C\u00e1mara de Diputados.&nbsp;Ah\u00ed, empresarios regionales coincidieron que&nbsp;M\u00e9xico debe garantizar tarifas bajas a los usuarios y acceso a insumos energ\u00e9ticos limpios y competitivos,&nbsp;pero adem\u00e1s certeza jur\u00eddica para las inversiones.&nbsp;<\/p>\n\n\n\n<p>Jos\u00e9 Manuel\u00a0Urreta\u00a0Ortega, presidente de\u00a0ANCER, apunt\u00f3 al reto de establecer\u00a0firmes condiciones legales\u00a0para modernizar al sector energ\u00e9tico y esquemas claros, con metas\u00a0y rutas a seguir\u00a0transparentes\u00a0para transitar a\u00a0una mayor\u00a0producci\u00f3n y\u00a0consumo de\u00a0energ\u00edas limpias;\u00a0por ello se\u00f1al\u00f3\u00a0que\u00a0la reforma energ\u00e9tica exige un an\u00e1lisis t\u00e9cnico exhaustivo e incluyente, sin contaminarlo con limitantes pol\u00edticas.\u00a0<\/p>\n\n\n\n<blockquote class=\"wp-block-quote is-layout-flow wp-block-quote-is-layout-flow\"><p>\u201cPara nosotros\u00a0es muy importante conocer\u00a0y sumarnos a la discusi\u00f3n\u00a0de esta reforma,\u00a0participar en las\u00a0oportunidades de\u00a0desarrollo,\u00a0as\u00ed como los procedimientos y rutas a seguir para concretarla. Estamos haciendo\u00a0un llamado a\u00a0los empresarios regionales a\u00a0participar en los foros\u00a0de enero pr\u00f3ximo\u00a0y aportar con\u00a0elementos t\u00e9cnicos y consideraciones productivas\u00a0vistas desde la realidad particular de cada regi\u00f3n\u201d, indic\u00f3.\u00a0<\/p><\/blockquote>\n\n\n\n<p>Edgar Alejandro Gardu\u00f1o Paz,\u00a0presidente del Consejo Coordinador Empresarial de Tabasco, se\u00f1al\u00f3 que es importante dar a conocer los impactos de la reforma energ\u00e9tica, ya que fortalecer a esta industria permitir\u00e1 elevar la competitividad;\u00a0por ello\u00a0es necesario\u00a0un di\u00e1logo permanente,\u00a0con apertura,\u00a0para consensuar sobre el alcance de las iniciativas y el acceso a la energ\u00eda.\u00a0\u00a0<\/p>\n\n\n\n<p>El diputado Manuel Rodr\u00edguez Gonz\u00e1lez dijo que\u00a0con la Reforma El\u00e9ctrica\u00a0se busca garantizar la rector\u00eda del Estado Mexicano\u00a0en el Sistema El\u00e9ctrico Nacional, garantizar tarifas econ\u00f3micas a todos los niveles y propiciar seguridad energ\u00e9tica como parte de la Seguridad Nacional;\u00a0tambi\u00e9n garantizar que el litio sea de explotaci\u00f3n y aprovechamiento del Estado Mexicano, lo que va a permitir participar en la fabricaci\u00f3n de bater\u00edas de dicho material.\u00a0\u00a0<\/p>\n\n\n\n<p>Afirm\u00f3 que la iniciativa privada seguir\u00e1 teniendo la oportunidad de seguir invirtiendo en el sistema el\u00e9ctrico bajo reglas muy precisas;\u00a0la propuesta es alcanzar una\u00a0generaci\u00f3n de energ\u00eda el\u00e9ctrica mixta, con\u00a0el 54 por ciento de generaci\u00f3n para la Comisi\u00f3n Federal de Electricidad y el 46 por ciento a la iniciativa privada.\u00a0<\/p>\n\n\n\n<p>El legislador destac\u00f3 que\u00a0del 2013 al 2018 hubo incrementos en las tarifas: la dom\u00e9stica en\u00a035%, la DAC (las que consumen las clases medias)\u00a0178% y la industrial\/comercial 68%.\u00a0Sin embargo, de 2019 a la fecha gracias a\u00a0un esfuerzo firme y colectivo entre instituciones del Estado\u00a0las tarifas de mantienen sin incrementos, s\u00f3lo con el deslizamiento inflacionario anual.\u00a0<\/p>\n\n\n\n<p>El presidente de la Comisi\u00f3n de Energ\u00eda en la C\u00e1mara de Diputados apunt\u00f3 que\u00a0se pretende elevar a rango constitucional la transici\u00f3n energ\u00e9tica para seguir incorporando energ\u00eda e\u00f3lica y solar, as\u00ed como las renovables que ayuden a reducir los gases de efecto invernadero.\u00a0Agreg\u00f3 que actualmente la Comisi\u00f3n Federal de Electricidad construye la Central El\u00e9ctrica Solar \u201cParque Pe\u00f1asco\u201d, en Sonora, con una inversi\u00f3n de mil 646 millones de pesos, que ser\u00e1 el parque fotovoltaico m\u00e1s grande de Latinoam\u00e9rica y la s\u00e9ptima del mundo.\u00a0\u00a0<\/p>\n\n\n\n<p>A inicios de 2022 iniciar\u00e1 el procedimiento de an\u00e1lisis de la reforma el\u00e9ctrica en tres modalidades: reuniones directas con la Junta de Coordinaci\u00f3n Pol\u00edtica con c\u00e1maras empresariales nacionales.\u00a0Foro de Parlamento Abierto, que se trasmitir\u00e1 en el Canal Del Congreso y Mesas de An\u00e1lisis y Debate que se\u00a0trasmitir\u00e1n por el mismo medio.\u00a0Garantiz\u00f3 que las voces de los empresarios\u00a0regionales\u00a0ser\u00e1n escuchadas para fortalecer y mejorar la propuesta de reforma energ\u00e9tica.\u00a0<\/p>\n\n\n\n<p>En la reuni\u00f3n estuvieron presidentes e integrantes de diversos consejos empresariales del pa\u00eds, representantes de diversos sectores productivos en las distintas regiones del territorio nacional,\u00a0e invitados varios.\u00a0<\/p>\n","protected":false},"excerpt":{"rendered":"<p>Jes\u00fas Utrilla&nbsp;| NV Noticias&nbsp; Veracruz. \u2013&nbsp;&nbsp;Integrantes de la Asociaci\u00f3n Nacional de Consejos Empresariales&nbsp;Regionales se reunieron con el Diputado Manuel Rodr\u00edguez Gonz\u00e1lez, presidente de la Comisi\u00f3n de Energ\u00eda en la C\u00e1mara de Diputados.&nbsp;Ah\u00ed, empresarios regionales coincidieron que&nbsp;M\u00e9xico debe garantizar tarifas bajas a los usuarios y acceso a insumos energ\u00e9ticos limpios y competitivos,&nbsp;pero adem\u00e1s certeza jur\u00eddica para [&hellip;]<\/p>\n","protected":false},"author":6,"featured_media":33249,"comment_status":"open","ping_status":"open","sticky":false,"template":"","format":"standard","meta":{"_monsterinsights_skip_tracking":false,"_monsterinsights_sitenote_active":false,"_monsterinsights_sitenote_note":"","_monsterinsights_sitenote_category":0,"footnotes":""},"categories":[154],"tags":[301,1553],"class_list":["post-33247","post","type-post","status-publish","format-standard","has-post-thumbnail","hentry","category-veracruz","tag-empresarios","tag-reforma-electrica","wp-image-borders"],"amp_enabled":true,"_links":{"self":[{"href":"https:\/\/nvnoticias.mx\/index.php\/wp-json\/wp\/v2\/posts\/33247","targetHints":{"allow":["GET"]}}],"collection":[{"href":"https:\/\/nvnoticias.mx\/index.php\/wp-json\/wp\/v2\/posts"}],"about":[{"href":"https:\/\/nvnoticias.mx\/index.php\/wp-json\/wp\/v2\/types\/post"}],"author":[{"embeddable":true,"href":"https:\/\/nvnoticias.mx\/index.php\/wp-json\/wp\/v2\/users\/6"}],"replies":[{"embeddable":true,"href":"https:\/\/nvnoticias.mx\/index.php\/wp-json\/wp\/v2\/comments?post=33247"}],"version-history":[{"count":1,"href":"https:\/\/nvnoticias.mx\/index.php\/wp-json\/wp\/v2\/posts\/33247\/revisions"}],"predecessor-version":[{"id":33248,"href":"https:\/\/nvnoticias.mx\/index.php\/wp-json\/wp\/v2\/posts\/33247\/revisions\/33248"}],"wp:featuredmedia":[{"embeddable":true,"href":"https:\/\/nvnoticias.mx\/index.php\/wp-json\/wp\/v2\/media\/33249"}],"wp:attachment":[{"href":"https:\/\/nvnoticias.mx\/index.php\/wp-json\/wp\/v2\/media?parent=33247"}],"wp:term":[{"taxonomy":"category","embeddable":true,"href":"https:\/\/nvnoticias.mx\/index.php\/wp-json\/wp\/v2\/categories?post=33247"},{"taxonomy":"post_tag","embeddable":true,"href":"https:\/\/nvnoticias.mx\/index.php\/wp-json\/wp\/v2\/tags?post=33247"}],"curies":[{"name":"wp","href":"https:\/\/api.w.org\/{rel}","templated":true}]}}