{"id":33234,"date":"2021-12-08T09:39:52","date_gmt":"2021-12-08T15:39:52","guid":{"rendered":"https:\/\/nvnoticias.mx\/?p=33234"},"modified":"2021-12-08T09:40:16","modified_gmt":"2021-12-08T15:40:16","slug":"nominan-a-ebrard-persona-del-ano-para-el-control-de-armas","status":"publish","type":"post","link":"https:\/\/nvnoticias.mx\/index.php\/2021\/12\/08\/nominan-a-ebrard-persona-del-ano-para-el-control-de-armas\/","title":{"rendered":"Nominan a Marcelo Ebrard como Persona del A\u00f1o para el Control de Armas"},"content":{"rendered":"\n<p>En Estados Unidos, la Arms Control Association nomin\u00f3 hoy al secretario de Relaciones Exteriores (SRE), Marcelo Ebrard, como la Persona del A\u00f1o para el Control de Armas. La nominaci\u00f3n se debe a la demanda contra fabricantes de armas en Estados Unidos que present\u00f3 a nombre del gobierno mexicano. <\/p>\n\n\n\n<p>Tambi\u00e9n est\u00e1n nominados, entre otros, un ministro de la canciller\u00eda inglesa, legisladores estadunidenses y el director de la Agencia Internacional de Energ\u00eda At\u00f3mica. <\/p>\n\n\n\n<p>La asociaci\u00f3n que organiza la premiaci\u00f3n, con sede en Washington, estima que que Ebrard y los otros nominados ejercieron \u201cun liderazgo importante que ayud\u00f3 a reducir peligros asociados a las armas en el a\u00f1o pasado\u201d. <\/p>\n\n\n\n<p>El reconocimiento distingue a personas e instituciones que han buscado soluciones efectivas para el control de armas, no proliferaci\u00f3n y el desarme, as\u00ed como crear conciencia sobre las amenazas que \u00e9stas representan, de acuerdo con la asociaci\u00f3n. <\/p>\n\n\n\n<p>As\u00ed, la premiaci\u00f3n &#8220;tiene como objetivo destacar varias iniciativas positivas, algunas grandes, otras peque\u00f1as, dise\u00f1adas para promover la paz, la seguridad y la justicia internacionales, &#8220;se\u00f1al\u00f3 Daryl G. Kimball, director ejecutivo. <\/p>\n\n\n\n<p><strong>La votaci\u00f3n se llevar\u00e1 a cabo entre el 8 de diciembre de 2021 y el 12 de enero de 2022, <\/strong>mientras que los resultados ser\u00e1n anunciar\u00e1n el 14 de enero del pr\u00f3ximo a\u00f1o. <\/p>\n\n\n\n<p>Fuente: <a href=\"https:\/\/www.milenio.com\/politica\/marcelo-ebrard-nominado-persona-ano-control-armas\">Milenio<\/a><\/p>\n","protected":false},"excerpt":{"rendered":"<p>En Estados Unidos, la Arms Control Association nomin\u00f3 hoy al secretario de Relaciones Exteriores (SRE), Marcelo Ebrard, como la Persona del A\u00f1o para el Control de Armas. La nominaci\u00f3n se debe a la demanda contra fabricantes de armas en Estados Unidos que present\u00f3 a nombre del gobierno mexicano. Tambi\u00e9n est\u00e1n nominados, entre otros, un ministro [&hellip;]<\/p>\n","protected":false},"author":6,"featured_media":31640,"comment_status":"open","ping_status":"open","sticky":false,"template":"","format":"standard","meta":{"_monsterinsights_skip_tracking":false,"_monsterinsights_sitenote_active":false,"_monsterinsights_sitenote_note":"","_monsterinsights_sitenote_category":0,"footnotes":""},"categories":[157],"tags":[7723,391,162],"class_list":["post-33234","post","type-post","status-publish","format-standard","has-post-thumbnail","hentry","category-nacional","tag-control-de-armas","tag-marcelo-ebrard","tag-portada","wp-image-borders"],"amp_enabled":true,"_links":{"self":[{"href":"https:\/\/nvnoticias.mx\/index.php\/wp-json\/wp\/v2\/posts\/33234","targetHints":{"allow":["GET"]}}],"collection":[{"href":"https:\/\/nvnoticias.mx\/index.php\/wp-json\/wp\/v2\/posts"}],"about":[{"href":"https:\/\/nvnoticias.mx\/index.php\/wp-json\/wp\/v2\/types\/post"}],"author":[{"embeddable":true,"href":"https:\/\/nvnoticias.mx\/index.php\/wp-json\/wp\/v2\/users\/6"}],"replies":[{"embeddable":true,"href":"https:\/\/nvnoticias.mx\/index.php\/wp-json\/wp\/v2\/comments?post=33234"}],"version-history":[{"count":1,"href":"https:\/\/nvnoticias.mx\/index.php\/wp-json\/wp\/v2\/posts\/33234\/revisions"}],"predecessor-version":[{"id":33235,"href":"https:\/\/nvnoticias.mx\/index.php\/wp-json\/wp\/v2\/posts\/33234\/revisions\/33235"}],"wp:featuredmedia":[{"embeddable":true,"href":"https:\/\/nvnoticias.mx\/index.php\/wp-json\/wp\/v2\/media\/31640"}],"wp:attachment":[{"href":"https:\/\/nvnoticias.mx\/index.php\/wp-json\/wp\/v2\/media?parent=33234"}],"wp:term":[{"taxonomy":"category","embeddable":true,"href":"https:\/\/nvnoticias.mx\/index.php\/wp-json\/wp\/v2\/categories?post=33234"},{"taxonomy":"post_tag","embeddable":true,"href":"https:\/\/nvnoticias.mx\/index.php\/wp-json\/wp\/v2\/tags?post=33234"}],"curies":[{"name":"wp","href":"https:\/\/api.w.org\/{rel}","templated":true}]}}