{"id":33152,"date":"2021-12-07T10:33:36","date_gmt":"2021-12-07T16:33:36","guid":{"rendered":"https:\/\/nvnoticias.mx\/?p=33152"},"modified":"2021-12-07T10:33:37","modified_gmt":"2021-12-07T16:33:37","slug":"reprueba-onu-a-mexico-en-combate-a-la-desaparicion-forzada","status":"publish","type":"post","link":"https:\/\/nvnoticias.mx\/index.php\/2021\/12\/07\/reprueba-onu-a-mexico-en-combate-a-la-desaparicion-forzada\/","title":{"rendered":"Reprueba ONU a M\u00e9xico en combate a la desaparici\u00f3n forzada"},"content":{"rendered":"\n<p>En M\u00e9xico impera la impunidad, la deficiente investigaci\u00f3n, rezago en los casos, falta de preparaci\u00f3n profesional y una descoordinaci\u00f3n entre autoridades para combatir las desapariciones forzadas, concluye un informe preliminar de la ONU y la Secretar\u00eda de Gobernaci\u00f3n.<\/p>\n\n\n\n<p>Al concluir la visita a M\u00e9xico del Comit\u00e9 contra la Desaparici\u00f3n Forzada de la ONU \u2013efectuada del 15 al 26 de noviembre a 13 entidades del pa\u00eds: <strong>Ciudad de M\u00e9xico, Chihuahua, Coahuila, Estado de M\u00e9xico, Guanajuato, Guerrero, Jalisco, Morelos, Nayarit, Nuevo Le\u00f3n, Sinaloa, Tamaulipas y Veracruz\u2013<\/strong> se\u00f1alan que, en materia de justicia, \u201ccontin\u00faa la impunidad en la procuraci\u00f3n e impartici\u00f3n de justicia frente al delito de desaparici\u00f3n\u201d.<\/p>\n\n\n\n<p>Presentado por el subsecretario Alejandro Encinas, el documento agrega tambi\u00e9n que \u201cla desaparici\u00f3n prevalece como una pr\u00e1ctica predominantemente asociada a la delincuencia organizada\u201d, y que \u201cel modelo de investigaci\u00f3n para la procuraci\u00f3n de justicia debe ser replanteado\u201d.<\/p>\n\n\n\n<p>Entre las razones, indican que <em>\u201clos Ministerios P\u00fablicos tienen cargas excesivas de trabajo, se debe profesionalizar la investigaci\u00f3n y se necesita de un an\u00e1lisis de contexto e investigaci\u00f3n de macrocasos\u201d.<\/em><\/p>\n\n\n\n<p>Subraya que hay una <em>\u201cfalta de coordinaci\u00f3n entre fiscal\u00edas, autoridades y familiares de las v\u00edctimas; las fiscal\u00edas no asumen su responsabilidad en la b\u00fasqueda y procuraci\u00f3n de justicia por una err\u00f3nea concepci\u00f3n de su autonom\u00eda, y hay limitaciones de las v\u00edctimas para acceder a la justicia\u201d.<\/em><\/p>\n\n\n\n<p>Los integrantes del comit\u00e9 participaron en 79 reuniones con 80 autoridades de los tres poderes de la Uni\u00f3n, \u00f3rganos aut\u00f3nomos, y con familiares y colectivos de las v\u00edctimas, entre ellos la jefa de Gobierno, nueve gobernadores y con 33 colectivos de v\u00edctimas de 31 entidades.<\/p>\n\n\n\n<p>De parte del Ejecutivo federal, con las secretar\u00edas de Seguridad, de la Defensa Nacional, de Marina, Relaciones Exteriores, con la Guardia Nacional, con el Mecanismo de Protecci\u00f3n a Periodistas y Defensores de Derechos Humanos, las comisiones de Ayotzinapa y de la Guerra Sucia.<\/p>\n\n\n\n<p>De parte de los \u00f3rganos aut\u00f3nomos, participaron la Fiscal\u00eda General de la Rep\u00fablica, la Comisi\u00f3n Nacional de los Derechos Humanos, el INE y el Inai.<\/p>\n\n\n\n<p>Fuente: El Financiero<\/p>\n","protected":false},"excerpt":{"rendered":"<p>En M\u00e9xico impera la impunidad, la deficiente investigaci\u00f3n, rezago en los casos, falta de preparaci\u00f3n profesional y una descoordinaci\u00f3n entre autoridades para combatir las desapariciones forzadas, concluye un informe preliminar de la ONU y la Secretar\u00eda de Gobernaci\u00f3n. Al concluir la visita a M\u00e9xico del Comit\u00e9 contra la Desaparici\u00f3n Forzada de la ONU \u2013efectuada del [&hellip;]<\/p>\n","protected":false},"author":6,"featured_media":33156,"comment_status":"open","ping_status":"open","sticky":false,"template":"","format":"standard","meta":{"_monsterinsights_skip_tracking":false,"_monsterinsights_sitenote_active":false,"_monsterinsights_sitenote_note":"","_monsterinsights_sitenote_category":0,"footnotes":""},"categories":[157],"tags":[3050,292,513,162],"class_list":["post-33152","post","type-post","status-publish","format-standard","has-post-thumbnail","hentry","category-nacional","tag-desaparicion-forzada","tag-mexico","tag-onu","tag-portada","wp-image-borders"],"amp_enabled":true,"_links":{"self":[{"href":"https:\/\/nvnoticias.mx\/index.php\/wp-json\/wp\/v2\/posts\/33152","targetHints":{"allow":["GET"]}}],"collection":[{"href":"https:\/\/nvnoticias.mx\/index.php\/wp-json\/wp\/v2\/posts"}],"about":[{"href":"https:\/\/nvnoticias.mx\/index.php\/wp-json\/wp\/v2\/types\/post"}],"author":[{"embeddable":true,"href":"https:\/\/nvnoticias.mx\/index.php\/wp-json\/wp\/v2\/users\/6"}],"replies":[{"embeddable":true,"href":"https:\/\/nvnoticias.mx\/index.php\/wp-json\/wp\/v2\/comments?post=33152"}],"version-history":[{"count":2,"href":"https:\/\/nvnoticias.mx\/index.php\/wp-json\/wp\/v2\/posts\/33152\/revisions"}],"predecessor-version":[{"id":33157,"href":"https:\/\/nvnoticias.mx\/index.php\/wp-json\/wp\/v2\/posts\/33152\/revisions\/33157"}],"wp:featuredmedia":[{"embeddable":true,"href":"https:\/\/nvnoticias.mx\/index.php\/wp-json\/wp\/v2\/media\/33156"}],"wp:attachment":[{"href":"https:\/\/nvnoticias.mx\/index.php\/wp-json\/wp\/v2\/media?parent=33152"}],"wp:term":[{"taxonomy":"category","embeddable":true,"href":"https:\/\/nvnoticias.mx\/index.php\/wp-json\/wp\/v2\/categories?post=33152"},{"taxonomy":"post_tag","embeddable":true,"href":"https:\/\/nvnoticias.mx\/index.php\/wp-json\/wp\/v2\/tags?post=33152"}],"curies":[{"name":"wp","href":"https:\/\/api.w.org\/{rel}","templated":true}]}}