{"id":33053,"date":"2021-12-06T11:46:45","date_gmt":"2021-12-06T17:46:45","guid":{"rendered":"https:\/\/nvnoticias.mx\/?p=33053"},"modified":"2021-12-06T11:46:45","modified_gmt":"2021-12-06T17:46:45","slug":"comienzan-grabaciones-de-la-serie-ana-en-veracruz","status":"publish","type":"post","link":"https:\/\/nvnoticias.mx\/index.php\/2021\/12\/06\/comienzan-grabaciones-de-la-serie-ana-en-veracruz\/","title":{"rendered":"Comienzan grabaciones de la serie Ana, en Veracruz"},"content":{"rendered":"\n<p><strong>Jes\u00fas Utrilla&nbsp;| NV Noticias<\/strong>&nbsp;<\/p>\n\n\n\n<p>Veracruz. \u2013&nbsp;&nbsp;El equipo de la serie \u201cAna\u201d lleg\u00f3 a Veracruz para comenzar filmaciones en lugares como Los Portales de Lerdo, por la avenida Jos\u00e9 Mart\u00ed y otros puntos de la ciudad porte\u00f1a, como Plaza de la Rep\u00fablica.&nbsp;<\/p>\n\n\n\n<p>Se trata de una serie semi autobiogr\u00e1fica de Ana de la Reguera, que se estrena el 21 de abril.&nbsp;<\/p>\n\n\n\n<p>Es una comedia que estar\u00e1 compuesta por diez&nbsp;cap\u00edtulos, sobre&nbsp;la vida de la veracruzana&nbsp;<\/p>\n\n\n\n<p>desde el plano profesional hasta el personal.&nbsp;<\/p>\n\n\n\n<p>Jos\u00e9&nbsp;Salvatori&nbsp;Arjona, director de Turismo del Ayuntamiento de Veracruz, reconoci\u00f3 que la serie permitir\u00e1 promover al municipio de Veracruz.&nbsp;<\/p>\n\n\n\n<blockquote class=\"wp-block-quote is-layout-flow wp-block-quote-is-layout-flow\"><p>\u201cLa serie se llama Ana, de Ana de la Reguera, una veracruzana que tiene fama internacional. Viene una serie de extras y actores principales, no nada m\u00e1s en el tema de actores sino tambi\u00e9n de la productora porque vienen cerca de cuatro o cinco camiones con gente de M\u00e9xico y del mundo que vienen a producir esta serie\u201d.\u00a0<\/p><\/blockquote>\n\n\n\n<p>Tambi\u00e9n habr\u00e1 grabaciones en el municipio de Boca del R\u00edo.&nbsp;<\/p>\n\n\n\n<p>Adem\u00e1s de generar derrama econ\u00f3mica generar\u00e1 empleo porque solicitar\u00e1n extras.&nbsp;<\/p>\n\n\n\n<blockquote class=\"wp-block-quote is-layout-flow wp-block-quote-is-layout-flow\"><p>\u201cTengo entendido que contratar\u00e1n extras para la grabaci\u00f3n. Es una derrama econ\u00f3mica para el sector restaurantero como hotelero\u201d.\u00a0<\/p><\/blockquote>\n\n\n\n<p>El Ayuntamiento de Veracruz otorg\u00f3 facilidades para la grabaci\u00f3n de la serie.&nbsp;<\/p>\n","protected":false},"excerpt":{"rendered":"<p>Jes\u00fas Utrilla&nbsp;| NV Noticias&nbsp; Veracruz. \u2013&nbsp;&nbsp;El equipo de la serie \u201cAna\u201d lleg\u00f3 a Veracruz para comenzar filmaciones en lugares como Los Portales de Lerdo, por la avenida Jos\u00e9 Mart\u00ed y otros puntos de la ciudad porte\u00f1a, como Plaza de la Rep\u00fablica.&nbsp; Se trata de una serie semi autobiogr\u00e1fica de Ana de la Reguera, que se [&hellip;]<\/p>\n","protected":false},"author":6,"featured_media":33054,"comment_status":"open","ping_status":"open","sticky":false,"template":"","format":"standard","meta":{"_monsterinsights_skip_tracking":false,"_monsterinsights_sitenote_active":false,"_monsterinsights_sitenote_note":"","_monsterinsights_sitenote_category":0,"footnotes":""},"categories":[154],"tags":[7686,7685],"class_list":["post-33053","post","type-post","status-publish","format-standard","has-post-thumbnail","hentry","category-veracruz","tag-ana-de-la-reguera","tag-serie-ana","wp-image-borders"],"amp_enabled":true,"_links":{"self":[{"href":"https:\/\/nvnoticias.mx\/index.php\/wp-json\/wp\/v2\/posts\/33053","targetHints":{"allow":["GET"]}}],"collection":[{"href":"https:\/\/nvnoticias.mx\/index.php\/wp-json\/wp\/v2\/posts"}],"about":[{"href":"https:\/\/nvnoticias.mx\/index.php\/wp-json\/wp\/v2\/types\/post"}],"author":[{"embeddable":true,"href":"https:\/\/nvnoticias.mx\/index.php\/wp-json\/wp\/v2\/users\/6"}],"replies":[{"embeddable":true,"href":"https:\/\/nvnoticias.mx\/index.php\/wp-json\/wp\/v2\/comments?post=33053"}],"version-history":[{"count":1,"href":"https:\/\/nvnoticias.mx\/index.php\/wp-json\/wp\/v2\/posts\/33053\/revisions"}],"predecessor-version":[{"id":33055,"href":"https:\/\/nvnoticias.mx\/index.php\/wp-json\/wp\/v2\/posts\/33053\/revisions\/33055"}],"wp:featuredmedia":[{"embeddable":true,"href":"https:\/\/nvnoticias.mx\/index.php\/wp-json\/wp\/v2\/media\/33054"}],"wp:attachment":[{"href":"https:\/\/nvnoticias.mx\/index.php\/wp-json\/wp\/v2\/media?parent=33053"}],"wp:term":[{"taxonomy":"category","embeddable":true,"href":"https:\/\/nvnoticias.mx\/index.php\/wp-json\/wp\/v2\/categories?post=33053"},{"taxonomy":"post_tag","embeddable":true,"href":"https:\/\/nvnoticias.mx\/index.php\/wp-json\/wp\/v2\/tags?post=33053"}],"curies":[{"name":"wp","href":"https:\/\/api.w.org\/{rel}","templated":true}]}}